{"id":10187,"date":"2024-07-23T20:03:12","date_gmt":"2024-07-23T20:03:12","guid":{"rendered":"https:\/\/mountainmediationcenter.org\/?p=10187"},"modified":"2024-10-07T20:21:23","modified_gmt":"2024-10-07T20:21:23","slug":"mountain-mediation-community-conversation-swaner","status":"publish","type":"post","link":"https:\/\/mountainmediationcenter.org\/es\/mountain-mediation-community-conversation-swaner\/","title":{"rendered":"Mountain Mediation organizar\u00e1 una conversaci\u00f3n comunitaria en el EcoCentro Swaner"},"content":{"rendered":"<h2 class=\"ArtP-subheadline\">El Centro de Meditaci\u00f3n de Monta\u00f1a en Park City organizar\u00e1 una conversaci\u00f3n comunitaria en Swaner EcoCenter el jueves 25 de julio.<\/h2>\n<div class=\"ArtP-articleContainer\">\n<div class=\"ArtP-articleBody\">\n<p>Art\u00edculo de Sydney Weaver para <a href=\"https:\/\/www.kpcw.org\/\" target=\"_blank\" rel=\"noopener\">KPCW<\/a> (23 de julio de 2024)<\/p>\n<p>La conversaci\u00f3n se centrar\u00e1 en c\u00f3mo las creencias, experiencias, valores y cosmovisiones religiosas pueden dar forma a nuestro papel en el cuidado de la naturaleza.<\/p>\n<p><a class=\"Link\" href=\"https:\/\/mountainmediationcenter.org\/es\/\" target=\"_blank\" rel=\"noopener\" data-cms-ai=\"0\">Mediaci\u00f3n en la monta\u00f1a<\/a>\u00a0Es una organizaci\u00f3n sin fines de lucro que brinda servicios de mediaci\u00f3n y facilitaci\u00f3n a la comunidad.<\/p>\n<p>El grupo se reunir\u00e1 al aire libre con vistas a la Reserva Swaner para compartir sus pensamientos.<\/p>\n<p>El evento gratuito comienza a las 6 p. m. Mountain Mediation solicita a los interesados confirmar su asistencia en el\u00a0<a class=\"Link\" href=\"https:\/\/mountainmediationcenter.org\/es\/community-conversations\/\" target=\"_blank\" rel=\"noopener\" data-cms-ai=\"0\">sitio web de la organizaci\u00f3n<\/a>.<\/p>\n<hr \/>\n<p><a href=\"https:\/\/www.kpcw.org\/summit-county\/2024-07-23\/mountain-mediation-to-host-community-conversation-at-swaner-ecocenter\" target=\"_blank\" rel=\"noopener\">haga clic aqu\u00ed<\/a> Para leer este art\u00edculo en el sitio web de KPCW<\/p>\n<\/div>\n<\/div>","protected":false},"excerpt":{"rendered":"<p>El Centro de Meditaci\u00f3n de Monta\u00f1a en Park City organizar\u00e1 una conversaci\u00f3n comunitaria en Swaner EcoCenter el jueves 25 de julio. Art\u00edculo de Sydney Weaver para KPCW (23 de julio de 2024) La conversaci\u00f3n se centrar\u00e1 en c\u00f3mo las creencias, experiencias, valores y visiones religiosas del mundo pueden dar forma a nuestros roles en el cuidado de la naturaleza. Mountain Mediation es una organizaci\u00f3n sin fines de lucro que brinda mediaci\u00f3n y facilitaci\u00f3n [\u2026]<\/p>","protected":false},"author":1,"featured_media":10188,"comment_status":"open","ping_status":"open","sticky":false,"template":"","format":"standard","meta":{"footnotes":""},"categories":[58],"tags":[57,62,74],"class_list":["post-10187","post","type-post","status-publish","format-standard","has-post-thumbnail","hentry","category-event-news","tag-community","tag-community-conversation","tag-swaner"],"yoast_head":"<!-- This site is optimized with the Yoast SEO plugin v23.2 - https:\/\/yoast.com\/wordpress\/plugins\/seo\/ -->\n<title>Mountain Mediation to host community conversation at Swaner EcoCenter - Mountain Mediation Center<\/title>\n<meta name=\"description\" content=\"Mountain Meditation Center in Park City will host a community conversation at Swaner EcoCenter Thursday, July 25.\" \/>\n<meta name=\"robots\" content=\"index, follow, max-snippet:-1, max-image-preview:large, max-video-preview:-1\" \/>\n<link rel=\"canonical\" href=\"https:\/\/mountainmediationcenter.org\/es\/mountain-mediation-community-conversation-swaner\/\" \/>\n<meta property=\"og:locale\" content=\"es_ES\" \/>\n<meta property=\"og:type\" content=\"article\" \/>\n<meta property=\"og:title\" content=\"Mountain Mediation to host community conversation at Swaner EcoCenter - Mountain Mediation Center\" \/>\n<meta property=\"og:description\" content=\"Mountain Meditation Center in Park City will host a community conversation at Swaner EcoCenter Thursday, July 25.\" \/>\n<meta property=\"og:url\" content=\"https:\/\/mountainmediationcenter.org\/es\/mountain-mediation-community-conversation-swaner\/\" \/>\n<meta property=\"og:site_name\" content=\"Mountain Mediation Center\" \/>\n<meta property=\"article:published_time\" content=\"2024-07-23T20:03:12+00:00\" \/>\n<meta property=\"article:modified_time\" content=\"2024-10-07T20:21:23+00:00\" \/>\n<meta property=\"og:image\" content=\"https:\/\/mountainmediationcenter.org\/wp-content\/uploads\/2024\/10\/kpcwswaner.webp\" \/>\n\t<meta property=\"og:image:width\" content=\"840\" \/>\n\t<meta property=\"og:image:height\" content=\"560\" \/>\n\t<meta property=\"og:image:type\" content=\"image\/webp\" \/>\n<meta name=\"author\" content=\"Mountain Mediation\" \/>\n<meta name=\"twitter:card\" content=\"summary_large_image\" \/>\n<meta name=\"twitter:label1\" content=\"Escrito por\" \/>\n\t<meta name=\"twitter:data1\" content=\"Mountain Mediation\" \/>\n\t<meta name=\"twitter:label2\" content=\"Tiempo de lectura\" \/>\n\t<meta name=\"twitter:data2\" content=\"1 minuto\" \/>\n<script type=\"application\/ld+json\" class=\"yoast-schema-graph\">{\"@context\":\"https:\/\/schema.org\",\"@graph\":[{\"@type\":\"WebPage\",\"@id\":\"https:\/\/mountainmediationcenter.org\/mountain-mediation-community-conversation-swaner\/\",\"url\":\"https:\/\/mountainmediationcenter.org\/mountain-mediation-community-conversation-swaner\/\",\"name\":\"Mountain Mediation to host community conversation at Swaner EcoCenter - Mountain Mediation Center\",\"isPartOf\":{\"@id\":\"https:\/\/mountainmediationcenter.org\/#website\"},\"primaryImageOfPage\":{\"@id\":\"https:\/\/mountainmediationcenter.org\/mountain-mediation-community-conversation-swaner\/#primaryimage\"},\"image\":{\"@id\":\"https:\/\/mountainmediationcenter.org\/mountain-mediation-community-conversation-swaner\/#primaryimage\"},\"thumbnailUrl\":\"https:\/\/mountainmediationcenter.org\/wp-content\/uploads\/2024\/10\/kpcwswaner.webp\",\"datePublished\":\"2024-07-23T20:03:12+00:00\",\"dateModified\":\"2024-10-07T20:21:23+00:00\",\"author\":{\"@id\":\"https:\/\/mountainmediationcenter.org\/#\/schema\/person\/4e946ed4b027d3c156b958c66d6bb474\"},\"description\":\"Mountain Meditation Center in Park City will host a community conversation at Swaner EcoCenter Thursday, July 25.\",\"breadcrumb\":{\"@id\":\"https:\/\/mountainmediationcenter.org\/mountain-mediation-community-conversation-swaner\/#breadcrumb\"},\"inLanguage\":\"es\",\"potentialAction\":[{\"@type\":\"ReadAction\",\"target\":[\"https:\/\/mountainmediationcenter.org\/mountain-mediation-community-conversation-swaner\/\"]}]},{\"@type\":\"ImageObject\",\"inLanguage\":\"es\",\"@id\":\"https:\/\/mountainmediationcenter.org\/mountain-mediation-community-conversation-swaner\/#primaryimage\",\"url\":\"https:\/\/mountainmediationcenter.org\/wp-content\/uploads\/2024\/10\/kpcwswaner.webp\",\"contentUrl\":\"https:\/\/mountainmediationcenter.org\/wp-content\/uploads\/2024\/10\/kpcwswaner.webp\",\"width\":840,\"height\":560},{\"@type\":\"BreadcrumbList\",\"@id\":\"https:\/\/mountainmediationcenter.org\/mountain-mediation-community-conversation-swaner\/#breadcrumb\",\"itemListElement\":[{\"@type\":\"ListItem\",\"position\":1,\"name\":\"Home\",\"item\":\"https:\/\/mountainmediationcenter.org\/\"},{\"@type\":\"ListItem\",\"position\":2,\"name\":\"Mountain Mediation to host community conversation at Swaner EcoCenter\"}]},{\"@type\":\"WebSite\",\"@id\":\"https:\/\/mountainmediationcenter.org\/#website\",\"url\":\"https:\/\/mountainmediationcenter.org\/\",\"name\":\"Mountain Mediation Center\",\"description\":\"Bringing people together to prevent conflict, resolve disputes, and build a more inclusive community.\",\"potentialAction\":[{\"@type\":\"SearchAction\",\"target\":{\"@type\":\"EntryPoint\",\"urlTemplate\":\"https:\/\/mountainmediationcenter.org\/?s={search_term_string}\"},\"query-input\":\"required name=search_term_string\"}],\"inLanguage\":\"es\"},{\"@type\":\"Person\",\"@id\":\"https:\/\/mountainmediationcenter.org\/#\/schema\/person\/4e946ed4b027d3c156b958c66d6bb474\",\"name\":\"Mountain Mediation\",\"image\":{\"@type\":\"ImageObject\",\"inLanguage\":\"es\",\"@id\":\"https:\/\/mountainmediationcenter.org\/#\/schema\/person\/image\/\",\"url\":\"https:\/\/secure.gravatar.com\/avatar\/61bf3077f93aadc68e34bb1066cdce1e88e17a6654fde8264a06a50b63d46e75?s=96&d=mm&r=g\",\"contentUrl\":\"https:\/\/secure.gravatar.com\/avatar\/61bf3077f93aadc68e34bb1066cdce1e88e17a6654fde8264a06a50b63d46e75?s=96&d=mm&r=g\",\"caption\":\"Mountain Mediation\"},\"sameAs\":[\"https:\/\/mountainmediationcenter.org\"],\"url\":\"https:\/\/mountainmediationcenter.org\/es\/author\/infoutahwebdesignpros-com\/\"}]}<\/script>\n<!-- \/ Yoast SEO plugin. -->","yoast_head_json":{"title":"Mountain Mediation to host community conversation at Swaner EcoCenter - Mountain Mediation Center","description":"Mountain Meditation Center in Park City will host a community conversation at Swaner EcoCenter Thursday, July 25.","robots":{"index":"index","follow":"follow","max-snippet":"max-snippet:-1","max-image-preview":"max-image-preview:large","max-video-preview":"max-video-preview:-1"},"canonical":"https:\/\/mountainmediationcenter.org\/es\/mountain-mediation-community-conversation-swaner\/","og_locale":"es_ES","og_type":"article","og_title":"Mountain Mediation to host community conversation at Swaner EcoCenter - Mountain Mediation Center","og_description":"Mountain Meditation Center in Park City will host a community conversation at Swaner EcoCenter Thursday, July 25.","og_url":"https:\/\/mountainmediationcenter.org\/es\/mountain-mediation-community-conversation-swaner\/","og_site_name":"Mountain Mediation Center","article_published_time":"2024-07-23T20:03:12+00:00","article_modified_time":"2024-10-07T20:21:23+00:00","og_image":[{"width":840,"height":560,"url":"https:\/\/mountainmediationcenter.org\/wp-content\/uploads\/2024\/10\/kpcwswaner.webp","type":"image\/webp"}],"author":"Mountain Mediation","twitter_card":"summary_large_image","twitter_misc":{"Escrito por":"Mountain Mediation","Tiempo de lectura":"1 minuto"},"schema":{"@context":"https:\/\/schema.org","@graph":[{"@type":"WebPage","@id":"https:\/\/mountainmediationcenter.org\/mountain-mediation-community-conversation-swaner\/","url":"https:\/\/mountainmediationcenter.org\/mountain-mediation-community-conversation-swaner\/","name":"Mountain Mediation to host community conversation at Swaner EcoCenter - Mountain Mediation Center","isPartOf":{"@id":"https:\/\/mountainmediationcenter.org\/#website"},"primaryImageOfPage":{"@id":"https:\/\/mountainmediationcenter.org\/mountain-mediation-community-conversation-swaner\/#primaryimage"},"image":{"@id":"https:\/\/mountainmediationcenter.org\/mountain-mediation-community-conversation-swaner\/#primaryimage"},"thumbnailUrl":"https:\/\/mountainmediationcenter.org\/wp-content\/uploads\/2024\/10\/kpcwswaner.webp","datePublished":"2024-07-23T20:03:12+00:00","dateModified":"2024-10-07T20:21:23+00:00","author":{"@id":"https:\/\/mountainmediationcenter.org\/#\/schema\/person\/4e946ed4b027d3c156b958c66d6bb474"},"description":"Mountain Meditation Center in Park City will host a community conversation at Swaner EcoCenter Thursday, July 25.","breadcrumb":{"@id":"https:\/\/mountainmediationcenter.org\/mountain-mediation-community-conversation-swaner\/#breadcrumb"},"inLanguage":"es","potentialAction":[{"@type":"ReadAction","target":["https:\/\/mountainmediationcenter.org\/mountain-mediation-community-conversation-swaner\/"]}]},{"@type":"ImageObject","inLanguage":"es","@id":"https:\/\/mountainmediationcenter.org\/mountain-mediation-community-conversation-swaner\/#primaryimage","url":"https:\/\/mountainmediationcenter.org\/wp-content\/uploads\/2024\/10\/kpcwswaner.webp","contentUrl":"https:\/\/mountainmediationcenter.org\/wp-content\/uploads\/2024\/10\/kpcwswaner.webp","width":840,"height":560},{"@type":"BreadcrumbList","@id":"https:\/\/mountainmediationcenter.org\/mountain-mediation-community-conversation-swaner\/#breadcrumb","itemListElement":[{"@type":"ListItem","position":1,"name":"Home","item":"https:\/\/mountainmediationcenter.org\/"},{"@type":"ListItem","position":2,"name":"Mountain Mediation to host community conversation at Swaner EcoCenter"}]},{"@type":"WebSite","@id":"https:\/\/mountainmediationcenter.org\/#website","url":"https:\/\/mountainmediationcenter.org\/","name":"Mountain Mediation Center","description":"Bringing people together to prevent conflict, resolve disputes, and build a more inclusive community.","potentialAction":[{"@type":"SearchAction","target":{"@type":"EntryPoint","urlTemplate":"https:\/\/mountainmediationcenter.org\/?s={search_term_string}"},"query-input":"required name=search_term_string"}],"inLanguage":"es"},{"@type":"Person","@id":"https:\/\/mountainmediationcenter.org\/#\/schema\/person\/4e946ed4b027d3c156b958c66d6bb474","name":"Mountain Mediation","image":{"@type":"ImageObject","inLanguage":"es","@id":"https:\/\/mountainmediationcenter.org\/#\/schema\/person\/image\/","url":"https:\/\/secure.gravatar.com\/avatar\/61bf3077f93aadc68e34bb1066cdce1e88e17a6654fde8264a06a50b63d46e75?s=96&d=mm&r=g","contentUrl":"https:\/\/secure.gravatar.com\/avatar\/61bf3077f93aadc68e34bb1066cdce1e88e17a6654fde8264a06a50b63d46e75?s=96&d=mm&r=g","caption":"Mountain Mediation"},"sameAs":["https:\/\/mountainmediationcenter.org"],"url":"https:\/\/mountainmediationcenter.org\/es\/author\/infoutahwebdesignpros-com\/"}]}},"_links":{"self":[{"href":"https:\/\/mountainmediationcenter.org\/es\/wp-json\/wp\/v2\/posts\/10187","targetHints":{"allow":["GET"]}}],"collection":[{"href":"https:\/\/mountainmediationcenter.org\/es\/wp-json\/wp\/v2\/posts"}],"about":[{"href":"https:\/\/mountainmediationcenter.org\/es\/wp-json\/wp\/v2\/types\/post"}],"author":[{"embeddable":true,"href":"https:\/\/mountainmediationcenter.org\/es\/wp-json\/wp\/v2\/users\/1"}],"replies":[{"embeddable":true,"href":"https:\/\/mountainmediationcenter.org\/es\/wp-json\/wp\/v2\/comments?post=10187"}],"version-history":[{"count":1,"href":"https:\/\/mountainmediationcenter.org\/es\/wp-json\/wp\/v2\/posts\/10187\/revisions"}],"predecessor-version":[{"id":10189,"href":"https:\/\/mountainmediationcenter.org\/es\/wp-json\/wp\/v2\/posts\/10187\/revisions\/10189"}],"wp:featuredmedia":[{"embeddable":true,"href":"https:\/\/mountainmediationcenter.org\/es\/wp-json\/wp\/v2\/media\/10188"}],"wp:attachment":[{"href":"https:\/\/mountainmediationcenter.org\/es\/wp-json\/wp\/v2\/media?parent=10187"}],"wp:term":[{"taxonomy":"category","embeddable":true,"href":"https:\/\/mountainmediationcenter.org\/es\/wp-json\/wp\/v2\/categories?post=10187"},{"taxonomy":"post_tag","embeddable":true,"href":"https:\/\/mountainmediationcenter.org\/es\/wp-json\/wp\/v2\/tags?post=10187"}],"curies":[{"name":"wp","href":"https:\/\/api.w.org\/{rel}","templated":true}]}}