{"id":10190,"date":"2024-08-13T20:11:26","date_gmt":"2024-08-13T20:11:26","guid":{"rendered":"https:\/\/mountainmediationcenter.org\/?p=10190"},"modified":"2024-10-07T20:18:38","modified_gmt":"2024-10-07T20:18:38","slug":"mountain-mediation-improves-llt-communication","status":"publish","type":"post","link":"https:\/\/mountainmediationcenter.org\/es\/mountain-mediation-improves-llt-communication\/","title":{"rendered":"El Centro de Mediaci\u00f3n de Monta\u00f1a mejora la comunicaci\u00f3n entre propietarios e inquilinos en caso de disputa"},"content":{"rendered":"<h1 class=\"RSEP-headline\">El Centro de Mediaci\u00f3n de Monta\u00f1a mejora la comunicaci\u00f3n entre propietarios e inquilinos en caso de disputa<\/h1>\n<p>La directora ejecutiva del Centro de Mediaci\u00f3n de Monta\u00f1a, Gretchen Lee, tiene detalles sobre c\u00f3mo mejoran la comunicaci\u00f3n entre las disputas entre propietarios e inquilinos y tambi\u00e9n adelanta su pr\u00f3xima recaudaci\u00f3n de fondos.<\/p>\n<p><a href=\"https:\/\/www.kpcw.org\/show\/local-news-hour\/2024-08-13\/mountain-mediation-center-improves-communication-between-landlord-and-tenant-disputes\" target=\"_blank\" rel=\"noopener\">haga clic aqu\u00ed<\/a> Para escuchar el segmento de KPCW al aire<\/p>\n<p>(13 de agosto de 2024)<\/p>","protected":false},"excerpt":{"rendered":"<p>El Centro de Mediaci\u00f3n de Mountain mejora la comunicaci\u00f3n entre los propietarios y los inquilinos en caso de disputa La directora ejecutiva del Centro de Mediaci\u00f3n de Mountain, Gretchen Lee, ofrece detalles sobre c\u00f3mo mejoran la comunicaci\u00f3n entre los propietarios y los inquilinos en caso de disputa y tambi\u00e9n adelanta su pr\u00f3xima recaudaci\u00f3n de fondos. Haga clic aqu\u00ed para escuchar el segmento de KPCW al aire (13 de agosto de 2024)<\/p>","protected":false},"author":1,"featured_media":10192,"comment_status":"open","ping_status":"open","sticky":false,"template":"","format":"standard","meta":{"footnotes":""},"categories":[58],"tags":[57,59,60,88,71,69],"class_list":["post-10190","post","type-post","status-publish","format-standard","has-post-thumbnail","hentry","category-event-news","tag-community","tag-conflict-prevention","tag-dispute-resolution","tag-fundraiser","tag-inclusive-community","tag-landlord-tenant"],"yoast_head":"<!-- This site is optimized with the Yoast SEO plugin v23.2 - https:\/\/yoast.com\/wordpress\/plugins\/seo\/ -->\n<title>Mountain Mediation Center improves communication between landlord and tenant disputes - Mountain Mediation Center<\/title>\n<meta name=\"description\" content=\"Executive Director Gretchen Lee has details on how they improve communication between landlord\/tenant disputes and previews their upcoming fundraiser\" \/>\n<meta name=\"robots\" content=\"index, follow, max-snippet:-1, max-image-preview:large, max-video-preview:-1\" \/>\n<link rel=\"canonical\" href=\"https:\/\/mountainmediationcenter.org\/es\/mountain-mediation-improves-llt-communication\/\" \/>\n<meta property=\"og:locale\" content=\"es_ES\" \/>\n<meta property=\"og:type\" content=\"article\" \/>\n<meta property=\"og:title\" content=\"Mountain Mediation Center improves communication between landlord and tenant disputes - Mountain Mediation Center\" \/>\n<meta property=\"og:description\" content=\"Executive Director Gretchen Lee has details on how they improve communication between landlord\/tenant disputes and previews their upcoming fundraiser\" \/>\n<meta property=\"og:url\" content=\"https:\/\/mountainmediationcenter.org\/es\/mountain-mediation-improves-llt-communication\/\" \/>\n<meta property=\"og:site_name\" content=\"Mountain Mediation Center\" \/>\n<meta property=\"article:published_time\" content=\"2024-08-13T20:11:26+00:00\" \/>\n<meta property=\"article:modified_time\" content=\"2024-10-07T20:18:38+00:00\" \/>\n<meta property=\"og:image\" content=\"https:\/\/mountainmediationcenter.org\/wp-content\/uploads\/2024\/08\/lmkmmkmkm.webp\" \/>\n\t<meta property=\"og:image:width\" content=\"840\" \/>\n\t<meta property=\"og:image:height\" content=\"1076\" \/>\n\t<meta property=\"og:image:type\" content=\"image\/webp\" \/>\n<meta name=\"author\" content=\"Mountain Mediation\" \/>\n<meta name=\"twitter:card\" content=\"summary_large_image\" \/>\n<meta name=\"twitter:label1\" content=\"Escrito por\" \/>\n\t<meta name=\"twitter:data1\" content=\"Mountain Mediation\" \/>\n\t<meta name=\"twitter:label2\" content=\"Tiempo de lectura\" \/>\n\t<meta name=\"twitter:data2\" content=\"1 minuto\" \/>\n<script type=\"application\/ld+json\" class=\"yoast-schema-graph\">{\"@context\":\"https:\/\/schema.org\",\"@graph\":[{\"@type\":\"WebPage\",\"@id\":\"https:\/\/mountainmediationcenter.org\/mountain-mediation-improves-llt-communication\/\",\"url\":\"https:\/\/mountainmediationcenter.org\/mountain-mediation-improves-llt-communication\/\",\"name\":\"Mountain Mediation Center improves communication between landlord and tenant disputes - Mountain Mediation Center\",\"isPartOf\":{\"@id\":\"https:\/\/mountainmediationcenter.org\/#website\"},\"primaryImageOfPage\":{\"@id\":\"https:\/\/mountainmediationcenter.org\/mountain-mediation-improves-llt-communication\/#primaryimage\"},\"image\":{\"@id\":\"https:\/\/mountainmediationcenter.org\/mountain-mediation-improves-llt-communication\/#primaryimage\"},\"thumbnailUrl\":\"https:\/\/mountainmediationcenter.org\/wp-content\/uploads\/2024\/08\/lmkmmkmkm.webp\",\"datePublished\":\"2024-08-13T20:11:26+00:00\",\"dateModified\":\"2024-10-07T20:18:38+00:00\",\"author\":{\"@id\":\"https:\/\/mountainmediationcenter.org\/#\/schema\/person\/4e946ed4b027d3c156b958c66d6bb474\"},\"description\":\"Executive Director Gretchen Lee has details on how they improve communication between landlord\/tenant disputes and previews their upcoming fundraiser\",\"breadcrumb\":{\"@id\":\"https:\/\/mountainmediationcenter.org\/mountain-mediation-improves-llt-communication\/#breadcrumb\"},\"inLanguage\":\"es\",\"potentialAction\":[{\"@type\":\"ReadAction\",\"target\":[\"https:\/\/mountainmediationcenter.org\/mountain-mediation-improves-llt-communication\/\"]}]},{\"@type\":\"ImageObject\",\"inLanguage\":\"es\",\"@id\":\"https:\/\/mountainmediationcenter.org\/mountain-mediation-improves-llt-communication\/#primaryimage\",\"url\":\"https:\/\/mountainmediationcenter.org\/wp-content\/uploads\/2024\/08\/lmkmmkmkm.webp\",\"contentUrl\":\"https:\/\/mountainmediationcenter.org\/wp-content\/uploads\/2024\/08\/lmkmmkmkm.webp\",\"width\":840,\"height\":1076},{\"@type\":\"BreadcrumbList\",\"@id\":\"https:\/\/mountainmediationcenter.org\/mountain-mediation-improves-llt-communication\/#breadcrumb\",\"itemListElement\":[{\"@type\":\"ListItem\",\"position\":1,\"name\":\"Home\",\"item\":\"https:\/\/mountainmediationcenter.org\/\"},{\"@type\":\"ListItem\",\"position\":2,\"name\":\"Mountain Mediation Center improves communication between landlord and tenant disputes\"}]},{\"@type\":\"WebSite\",\"@id\":\"https:\/\/mountainmediationcenter.org\/#website\",\"url\":\"https:\/\/mountainmediationcenter.org\/\",\"name\":\"Mountain Mediation Center\",\"description\":\"Bringing people together to prevent conflict, resolve disputes, and build a more inclusive community.\",\"potentialAction\":[{\"@type\":\"SearchAction\",\"target\":{\"@type\":\"EntryPoint\",\"urlTemplate\":\"https:\/\/mountainmediationcenter.org\/?s={search_term_string}\"},\"query-input\":\"required name=search_term_string\"}],\"inLanguage\":\"es\"},{\"@type\":\"Person\",\"@id\":\"https:\/\/mountainmediationcenter.org\/#\/schema\/person\/4e946ed4b027d3c156b958c66d6bb474\",\"name\":\"Mountain Mediation\",\"image\":{\"@type\":\"ImageObject\",\"inLanguage\":\"es\",\"@id\":\"https:\/\/mountainmediationcenter.org\/#\/schema\/person\/image\/\",\"url\":\"https:\/\/secure.gravatar.com\/avatar\/61bf3077f93aadc68e34bb1066cdce1e88e17a6654fde8264a06a50b63d46e75?s=96&d=mm&r=g\",\"contentUrl\":\"https:\/\/secure.gravatar.com\/avatar\/61bf3077f93aadc68e34bb1066cdce1e88e17a6654fde8264a06a50b63d46e75?s=96&d=mm&r=g\",\"caption\":\"Mountain Mediation\"},\"sameAs\":[\"https:\/\/mountainmediationcenter.org\"],\"url\":\"https:\/\/mountainmediationcenter.org\/es\/author\/infoutahwebdesignpros-com\/\"}]}<\/script>\n<!-- \/ Yoast SEO plugin. -->","yoast_head_json":{"title":"Mountain Mediation Center improves communication between landlord and tenant disputes - Mountain Mediation Center","description":"Executive Director Gretchen Lee has details on how they improve communication between landlord\/tenant disputes and previews their upcoming fundraiser","robots":{"index":"index","follow":"follow","max-snippet":"max-snippet:-1","max-image-preview":"max-image-preview:large","max-video-preview":"max-video-preview:-1"},"canonical":"https:\/\/mountainmediationcenter.org\/es\/mountain-mediation-improves-llt-communication\/","og_locale":"es_ES","og_type":"article","og_title":"Mountain Mediation Center improves communication between landlord and tenant disputes - Mountain Mediation Center","og_description":"Executive Director Gretchen Lee has details on how they improve communication between landlord\/tenant disputes and previews their upcoming fundraiser","og_url":"https:\/\/mountainmediationcenter.org\/es\/mountain-mediation-improves-llt-communication\/","og_site_name":"Mountain Mediation Center","article_published_time":"2024-08-13T20:11:26+00:00","article_modified_time":"2024-10-07T20:18:38+00:00","og_image":[{"width":840,"height":1076,"url":"https:\/\/mountainmediationcenter.org\/wp-content\/uploads\/2024\/08\/lmkmmkmkm.webp","type":"image\/webp"}],"author":"Mountain Mediation","twitter_card":"summary_large_image","twitter_misc":{"Escrito por":"Mountain Mediation","Tiempo de lectura":"1 minuto"},"schema":{"@context":"https:\/\/schema.org","@graph":[{"@type":"WebPage","@id":"https:\/\/mountainmediationcenter.org\/mountain-mediation-improves-llt-communication\/","url":"https:\/\/mountainmediationcenter.org\/mountain-mediation-improves-llt-communication\/","name":"Mountain Mediation Center improves communication between landlord and tenant disputes - Mountain Mediation Center","isPartOf":{"@id":"https:\/\/mountainmediationcenter.org\/#website"},"primaryImageOfPage":{"@id":"https:\/\/mountainmediationcenter.org\/mountain-mediation-improves-llt-communication\/#primaryimage"},"image":{"@id":"https:\/\/mountainmediationcenter.org\/mountain-mediation-improves-llt-communication\/#primaryimage"},"thumbnailUrl":"https:\/\/mountainmediationcenter.org\/wp-content\/uploads\/2024\/08\/lmkmmkmkm.webp","datePublished":"2024-08-13T20:11:26+00:00","dateModified":"2024-10-07T20:18:38+00:00","author":{"@id":"https:\/\/mountainmediationcenter.org\/#\/schema\/person\/4e946ed4b027d3c156b958c66d6bb474"},"description":"Executive Director Gretchen Lee has details on how they improve communication between landlord\/tenant disputes and previews their upcoming fundraiser","breadcrumb":{"@id":"https:\/\/mountainmediationcenter.org\/mountain-mediation-improves-llt-communication\/#breadcrumb"},"inLanguage":"es","potentialAction":[{"@type":"ReadAction","target":["https:\/\/mountainmediationcenter.org\/mountain-mediation-improves-llt-communication\/"]}]},{"@type":"ImageObject","inLanguage":"es","@id":"https:\/\/mountainmediationcenter.org\/mountain-mediation-improves-llt-communication\/#primaryimage","url":"https:\/\/mountainmediationcenter.org\/wp-content\/uploads\/2024\/08\/lmkmmkmkm.webp","contentUrl":"https:\/\/mountainmediationcenter.org\/wp-content\/uploads\/2024\/08\/lmkmmkmkm.webp","width":840,"height":1076},{"@type":"BreadcrumbList","@id":"https:\/\/mountainmediationcenter.org\/mountain-mediation-improves-llt-communication\/#breadcrumb","itemListElement":[{"@type":"ListItem","position":1,"name":"Home","item":"https:\/\/mountainmediationcenter.org\/"},{"@type":"ListItem","position":2,"name":"Mountain Mediation Center improves communication between landlord and tenant disputes"}]},{"@type":"WebSite","@id":"https:\/\/mountainmediationcenter.org\/#website","url":"https:\/\/mountainmediationcenter.org\/","name":"Mountain Mediation Center","description":"Bringing people together to prevent conflict, resolve disputes, and build a more inclusive community.","potentialAction":[{"@type":"SearchAction","target":{"@type":"EntryPoint","urlTemplate":"https:\/\/mountainmediationcenter.org\/?s={search_term_string}"},"query-input":"required name=search_term_string"}],"inLanguage":"es"},{"@type":"Person","@id":"https:\/\/mountainmediationcenter.org\/#\/schema\/person\/4e946ed4b027d3c156b958c66d6bb474","name":"Mountain Mediation","image":{"@type":"ImageObject","inLanguage":"es","@id":"https:\/\/mountainmediationcenter.org\/#\/schema\/person\/image\/","url":"https:\/\/secure.gravatar.com\/avatar\/61bf3077f93aadc68e34bb1066cdce1e88e17a6654fde8264a06a50b63d46e75?s=96&d=mm&r=g","contentUrl":"https:\/\/secure.gravatar.com\/avatar\/61bf3077f93aadc68e34bb1066cdce1e88e17a6654fde8264a06a50b63d46e75?s=96&d=mm&r=g","caption":"Mountain Mediation"},"sameAs":["https:\/\/mountainmediationcenter.org"],"url":"https:\/\/mountainmediationcenter.org\/es\/author\/infoutahwebdesignpros-com\/"}]}},"_links":{"self":[{"href":"https:\/\/mountainmediationcenter.org\/es\/wp-json\/wp\/v2\/posts\/10190","targetHints":{"allow":["GET"]}}],"collection":[{"href":"https:\/\/mountainmediationcenter.org\/es\/wp-json\/wp\/v2\/posts"}],"about":[{"href":"https:\/\/mountainmediationcenter.org\/es\/wp-json\/wp\/v2\/types\/post"}],"author":[{"embeddable":true,"href":"https:\/\/mountainmediationcenter.org\/es\/wp-json\/wp\/v2\/users\/1"}],"replies":[{"embeddable":true,"href":"https:\/\/mountainmediationcenter.org\/es\/wp-json\/wp\/v2\/comments?post=10190"}],"version-history":[{"count":1,"href":"https:\/\/mountainmediationcenter.org\/es\/wp-json\/wp\/v2\/posts\/10190\/revisions"}],"predecessor-version":[{"id":10191,"href":"https:\/\/mountainmediationcenter.org\/es\/wp-json\/wp\/v2\/posts\/10190\/revisions\/10191"}],"wp:featuredmedia":[{"embeddable":true,"href":"https:\/\/mountainmediationcenter.org\/es\/wp-json\/wp\/v2\/media\/10192"}],"wp:attachment":[{"href":"https:\/\/mountainmediationcenter.org\/es\/wp-json\/wp\/v2\/media?parent=10190"}],"wp:term":[{"taxonomy":"category","embeddable":true,"href":"https:\/\/mountainmediationcenter.org\/es\/wp-json\/wp\/v2\/categories?post=10190"},{"taxonomy":"post_tag","embeddable":true,"href":"https:\/\/mountainmediationcenter.org\/es\/wp-json\/wp\/v2\/tags?post=10190"}],"curies":[{"name":"wp","href":"https:\/\/api.w.org\/{rel}","templated":true}]}}