{"id":10198,"date":"2024-08-02T20:27:04","date_gmt":"2024-08-02T20:27:04","guid":{"rendered":"https:\/\/mountainmediationcenter.org\/?p=10198"},"modified":"2024-10-07T20:31:18","modified_gmt":"2024-10-07T20:31:18","slug":"mountain-mediation-to-hold-annual-fundraiser-sept-13","status":"publish","type":"post","link":"https:\/\/mountainmediationcenter.org\/es\/mountain-mediation-to-hold-annual-fundraiser-sept-13\/","title":{"rendered":"Mountain Mediation celebrar\u00e1 su recaudaci\u00f3n de fondos anual el 13 de septiembre"},"content":{"rendered":"<h3>Mountain Mediation anunci\u00f3 el jueves que est\u00e1 invitando al p\u00fablico a unirse a la recaudaci\u00f3n de fondos de septiembre de la organizaci\u00f3n, Pizza at the Pendry, que se llevar\u00e1 a cabo en Disco Pizza en Pendry el viernes 13 de septiembre de 5 a 7 p. m.<\/h3>\n<p>Art\u00edculo de <a href=\"https:\/\/www.parkrecord.com\/\" target=\"_blank\" rel=\"noopener\">R\u00e9cord del parque<\/a> Personal (2 de agosto de 2024)<\/p>\n<p>La recaudaci\u00f3n de fondos incluir\u00e1 pizza, bebidas y un sorteo de oportunidades. Los asistentes aprender\u00e1n sobre nuestro trabajo fundamental para prevenir conflictos, resolver disputas y construir una comunidad m\u00e1s inclusiva.<\/p>\n<p>La recaudaci\u00f3n de fondos anual apoya el trabajo de mediaci\u00f3n en las monta\u00f1as, que incluye lo siguiente:<\/p>\n<ul class=\"wp-block-list\">\n<li>Mejorar las habilidades comunicativas de la comunidad con capacitaciones de \u201cHablemos\u201d y \u201cConversaciones comunitarias\u201d<\/li>\n<li>Prevenci\u00f3n de desalojos y falta de vivienda ayudando a propietarios e inquilinos a comunicarse entre s\u00ed y mediante la educaci\u00f3n de los inquilinos<\/li>\n<li>Mediaci\u00f3n de conflictos en una escala m\u00f3vil, incluidas las mediaciones dom\u00e9sticas que buscan crear mejores resultados para las parejas que pasan por un divorcio y garantizar resultados positivos para sus hijos.<\/li>\n<\/ul>\n<p>El espacio es limitado. Las entradas est\u00e1n disponibles para su compra en mountainmediationcenter.org\/events.<\/p>\n<p>La misi\u00f3n de Mountain Mediation es unir a las personas para prevenir conflictos, resolver disputas y construir una comunidad m\u00e1s inclusiva. La organizaci\u00f3n sin fines de lucro brinda servicios de mediaci\u00f3n, educaci\u00f3n para propietarios e inquilinos, capacitaci\u00f3n en comunicaci\u00f3n y conversaciones comunitarias.<\/p>\n<aside class=\"scaip scaip-1\"><\/aside>\n<p>Mountain Mediation dijo que ha desarrollado un programa integral de desviaci\u00f3n de desalojos entre propietarios e inquilinos y que tambi\u00e9n ofrece capacitaciones para ayudar a individuos, organizaciones, escuelas y empresas dentro de los condados de Summit y Wasatch a participar en un di\u00e1logo constructivo y gestionar y resolver conflictos de manera efectiva.<\/p>\n<p>&#8212;<\/p>\n<p><a href=\"https:\/\/www.parkrecord.com\/2024\/08\/02\/mountain-mediation-to-hold-annual-fundraiser-sept-13\/\" target=\"_blank\" rel=\"noopener\">haga clic aqu\u00ed<\/a> Para leer este art\u00edculo en el sitio web de Park Record<\/p>","protected":false},"excerpt":{"rendered":"<p>Mountain Mediation anunci\u00f3 el jueves que invita al p\u00fablico a unirse a la recaudaci\u00f3n de fondos de septiembre de la organizaci\u00f3n, Pizza at the Pendry, que se llevar\u00e1 a cabo en Disco Pizza en Pendry el viernes 13 de septiembre de 5 a 7 p. m. Art\u00edculo del personal de Park Record (2 de agosto de 2024) La recaudaci\u00f3n de fondos contar\u00e1 con pizza, bebidas y un sorteo de oportunidades. Los asistentes aprender\u00e1n [\u2026]<\/p>","protected":false},"author":1,"featured_media":10199,"comment_status":"open","ping_status":"open","sticky":false,"template":"","format":"standard","meta":{"footnotes":""},"categories":[58],"tags":[57,62,60,88,71],"class_list":["post-10198","post","type-post","status-publish","format-standard","has-post-thumbnail","hentry","category-event-news","tag-community","tag-community-conversation","tag-dispute-resolution","tag-fundraiser","tag-inclusive-community"],"yoast_head":"<!-- This site is optimized with the Yoast SEO plugin v23.2 - https:\/\/yoast.com\/wordpress\/plugins\/seo\/ -->\n<title>Mountain Mediation to hold annual fundraiser Sept. 13 - Mountain Mediation Center<\/title>\n<meta name=\"description\" content=\"Mountain Mediation announced that they are inviting the public to join the organization\u2019s September fundraiser, Pizza at the Pendry.\" \/>\n<meta name=\"robots\" content=\"index, follow, max-snippet:-1, max-image-preview:large, max-video-preview:-1\" \/>\n<link rel=\"canonical\" href=\"https:\/\/mountainmediationcenter.org\/es\/mountain-mediation-to-hold-annual-fundraiser-sept-13\/\" \/>\n<meta property=\"og:locale\" content=\"es_ES\" \/>\n<meta property=\"og:type\" content=\"article\" \/>\n<meta property=\"og:title\" content=\"Mountain Mediation to hold annual fundraiser Sept. 13 - Mountain Mediation Center\" \/>\n<meta property=\"og:description\" content=\"Mountain Mediation announced that they are inviting the public to join the organization\u2019s September fundraiser, Pizza at the Pendry.\" \/>\n<meta property=\"og:url\" content=\"https:\/\/mountainmediationcenter.org\/es\/mountain-mediation-to-hold-annual-fundraiser-sept-13\/\" \/>\n<meta property=\"og:site_name\" content=\"Mountain Mediation Center\" \/>\n<meta property=\"article:published_time\" content=\"2024-08-02T20:27:04+00:00\" \/>\n<meta property=\"article:modified_time\" content=\"2024-10-07T20:31:18+00:00\" \/>\n<meta property=\"og:image\" content=\"https:\/\/mountainmediationcenter.org\/wp-content\/uploads\/2024\/10\/disco-pizza-mountain-mediation-fundraiser.webp\" \/>\n\t<meta property=\"og:image:width\" content=\"1568\" \/>\n\t<meta property=\"og:image:height\" content=\"815\" \/>\n\t<meta property=\"og:image:type\" content=\"image\/webp\" \/>\n<meta name=\"author\" content=\"Mountain Mediation\" \/>\n<meta name=\"twitter:card\" content=\"summary_large_image\" \/>\n<meta name=\"twitter:label1\" content=\"Escrito por\" \/>\n\t<meta name=\"twitter:data1\" content=\"Mountain Mediation\" \/>\n\t<meta name=\"twitter:label2\" content=\"Tiempo de lectura\" \/>\n\t<meta name=\"twitter:data2\" content=\"2 minutos\" \/>\n<script type=\"application\/ld+json\" class=\"yoast-schema-graph\">{\"@context\":\"https:\/\/schema.org\",\"@graph\":[{\"@type\":\"WebPage\",\"@id\":\"https:\/\/mountainmediationcenter.org\/mountain-mediation-to-hold-annual-fundraiser-sept-13\/\",\"url\":\"https:\/\/mountainmediationcenter.org\/mountain-mediation-to-hold-annual-fundraiser-sept-13\/\",\"name\":\"Mountain Mediation to hold annual fundraiser Sept. 13 - Mountain Mediation Center\",\"isPartOf\":{\"@id\":\"https:\/\/mountainmediationcenter.org\/#website\"},\"primaryImageOfPage\":{\"@id\":\"https:\/\/mountainmediationcenter.org\/mountain-mediation-to-hold-annual-fundraiser-sept-13\/#primaryimage\"},\"image\":{\"@id\":\"https:\/\/mountainmediationcenter.org\/mountain-mediation-to-hold-annual-fundraiser-sept-13\/#primaryimage\"},\"thumbnailUrl\":\"https:\/\/mountainmediationcenter.org\/wp-content\/uploads\/2024\/10\/disco-pizza-mountain-mediation-fundraiser.webp\",\"datePublished\":\"2024-08-02T20:27:04+00:00\",\"dateModified\":\"2024-10-07T20:31:18+00:00\",\"author\":{\"@id\":\"https:\/\/mountainmediationcenter.org\/#\/schema\/person\/4e946ed4b027d3c156b958c66d6bb474\"},\"description\":\"Mountain Mediation announced that they are inviting the public to join the organization\u2019s September fundraiser, Pizza at the Pendry.\",\"breadcrumb\":{\"@id\":\"https:\/\/mountainmediationcenter.org\/mountain-mediation-to-hold-annual-fundraiser-sept-13\/#breadcrumb\"},\"inLanguage\":\"es\",\"potentialAction\":[{\"@type\":\"ReadAction\",\"target\":[\"https:\/\/mountainmediationcenter.org\/mountain-mediation-to-hold-annual-fundraiser-sept-13\/\"]}]},{\"@type\":\"ImageObject\",\"inLanguage\":\"es\",\"@id\":\"https:\/\/mountainmediationcenter.org\/mountain-mediation-to-hold-annual-fundraiser-sept-13\/#primaryimage\",\"url\":\"https:\/\/mountainmediationcenter.org\/wp-content\/uploads\/2024\/10\/disco-pizza-mountain-mediation-fundraiser.webp\",\"contentUrl\":\"https:\/\/mountainmediationcenter.org\/wp-content\/uploads\/2024\/10\/disco-pizza-mountain-mediation-fundraiser.webp\",\"width\":1568,\"height\":815},{\"@type\":\"BreadcrumbList\",\"@id\":\"https:\/\/mountainmediationcenter.org\/mountain-mediation-to-hold-annual-fundraiser-sept-13\/#breadcrumb\",\"itemListElement\":[{\"@type\":\"ListItem\",\"position\":1,\"name\":\"Home\",\"item\":\"https:\/\/mountainmediationcenter.org\/\"},{\"@type\":\"ListItem\",\"position\":2,\"name\":\"Mountain Mediation to hold annual fundraiser Sept. 13\"}]},{\"@type\":\"WebSite\",\"@id\":\"https:\/\/mountainmediationcenter.org\/#website\",\"url\":\"https:\/\/mountainmediationcenter.org\/\",\"name\":\"Mountain Mediation Center\",\"description\":\"Bringing people together to prevent conflict, resolve disputes, and build a more inclusive community.\",\"potentialAction\":[{\"@type\":\"SearchAction\",\"target\":{\"@type\":\"EntryPoint\",\"urlTemplate\":\"https:\/\/mountainmediationcenter.org\/?s={search_term_string}\"},\"query-input\":\"required name=search_term_string\"}],\"inLanguage\":\"es\"},{\"@type\":\"Person\",\"@id\":\"https:\/\/mountainmediationcenter.org\/#\/schema\/person\/4e946ed4b027d3c156b958c66d6bb474\",\"name\":\"Mountain Mediation\",\"image\":{\"@type\":\"ImageObject\",\"inLanguage\":\"es\",\"@id\":\"https:\/\/mountainmediationcenter.org\/#\/schema\/person\/image\/\",\"url\":\"https:\/\/secure.gravatar.com\/avatar\/61bf3077f93aadc68e34bb1066cdce1e88e17a6654fde8264a06a50b63d46e75?s=96&d=mm&r=g\",\"contentUrl\":\"https:\/\/secure.gravatar.com\/avatar\/61bf3077f93aadc68e34bb1066cdce1e88e17a6654fde8264a06a50b63d46e75?s=96&d=mm&r=g\",\"caption\":\"Mountain Mediation\"},\"sameAs\":[\"https:\/\/mountainmediationcenter.org\"],\"url\":\"https:\/\/mountainmediationcenter.org\/es\/author\/infoutahwebdesignpros-com\/\"}]}<\/script>\n<!-- \/ Yoast SEO plugin. -->","yoast_head_json":{"title":"Mountain Mediation to hold annual fundraiser Sept. 13 - Mountain Mediation Center","description":"Mountain Mediation announced that they are inviting the public to join the organization\u2019s September fundraiser, Pizza at the Pendry.","robots":{"index":"index","follow":"follow","max-snippet":"max-snippet:-1","max-image-preview":"max-image-preview:large","max-video-preview":"max-video-preview:-1"},"canonical":"https:\/\/mountainmediationcenter.org\/es\/mountain-mediation-to-hold-annual-fundraiser-sept-13\/","og_locale":"es_ES","og_type":"article","og_title":"Mountain Mediation to hold annual fundraiser Sept. 13 - Mountain Mediation Center","og_description":"Mountain Mediation announced that they are inviting the public to join the organization\u2019s September fundraiser, Pizza at the Pendry.","og_url":"https:\/\/mountainmediationcenter.org\/es\/mountain-mediation-to-hold-annual-fundraiser-sept-13\/","og_site_name":"Mountain Mediation Center","article_published_time":"2024-08-02T20:27:04+00:00","article_modified_time":"2024-10-07T20:31:18+00:00","og_image":[{"width":1568,"height":815,"url":"https:\/\/mountainmediationcenter.org\/wp-content\/uploads\/2024\/10\/disco-pizza-mountain-mediation-fundraiser.webp","type":"image\/webp"}],"author":"Mountain Mediation","twitter_card":"summary_large_image","twitter_misc":{"Escrito por":"Mountain Mediation","Tiempo de lectura":"2 minutos"},"schema":{"@context":"https:\/\/schema.org","@graph":[{"@type":"WebPage","@id":"https:\/\/mountainmediationcenter.org\/mountain-mediation-to-hold-annual-fundraiser-sept-13\/","url":"https:\/\/mountainmediationcenter.org\/mountain-mediation-to-hold-annual-fundraiser-sept-13\/","name":"Mountain Mediation to hold annual fundraiser Sept. 13 - Mountain Mediation Center","isPartOf":{"@id":"https:\/\/mountainmediationcenter.org\/#website"},"primaryImageOfPage":{"@id":"https:\/\/mountainmediationcenter.org\/mountain-mediation-to-hold-annual-fundraiser-sept-13\/#primaryimage"},"image":{"@id":"https:\/\/mountainmediationcenter.org\/mountain-mediation-to-hold-annual-fundraiser-sept-13\/#primaryimage"},"thumbnailUrl":"https:\/\/mountainmediationcenter.org\/wp-content\/uploads\/2024\/10\/disco-pizza-mountain-mediation-fundraiser.webp","datePublished":"2024-08-02T20:27:04+00:00","dateModified":"2024-10-07T20:31:18+00:00","author":{"@id":"https:\/\/mountainmediationcenter.org\/#\/schema\/person\/4e946ed4b027d3c156b958c66d6bb474"},"description":"Mountain Mediation announced that they are inviting the public to join the organization\u2019s September fundraiser, Pizza at the Pendry.","breadcrumb":{"@id":"https:\/\/mountainmediationcenter.org\/mountain-mediation-to-hold-annual-fundraiser-sept-13\/#breadcrumb"},"inLanguage":"es","potentialAction":[{"@type":"ReadAction","target":["https:\/\/mountainmediationcenter.org\/mountain-mediation-to-hold-annual-fundraiser-sept-13\/"]}]},{"@type":"ImageObject","inLanguage":"es","@id":"https:\/\/mountainmediationcenter.org\/mountain-mediation-to-hold-annual-fundraiser-sept-13\/#primaryimage","url":"https:\/\/mountainmediationcenter.org\/wp-content\/uploads\/2024\/10\/disco-pizza-mountain-mediation-fundraiser.webp","contentUrl":"https:\/\/mountainmediationcenter.org\/wp-content\/uploads\/2024\/10\/disco-pizza-mountain-mediation-fundraiser.webp","width":1568,"height":815},{"@type":"BreadcrumbList","@id":"https:\/\/mountainmediationcenter.org\/mountain-mediation-to-hold-annual-fundraiser-sept-13\/#breadcrumb","itemListElement":[{"@type":"ListItem","position":1,"name":"Home","item":"https:\/\/mountainmediationcenter.org\/"},{"@type":"ListItem","position":2,"name":"Mountain Mediation to hold annual fundraiser Sept. 13"}]},{"@type":"WebSite","@id":"https:\/\/mountainmediationcenter.org\/#website","url":"https:\/\/mountainmediationcenter.org\/","name":"Mountain Mediation Center","description":"Bringing people together to prevent conflict, resolve disputes, and build a more inclusive community.","potentialAction":[{"@type":"SearchAction","target":{"@type":"EntryPoint","urlTemplate":"https:\/\/mountainmediationcenter.org\/?s={search_term_string}"},"query-input":"required name=search_term_string"}],"inLanguage":"es"},{"@type":"Person","@id":"https:\/\/mountainmediationcenter.org\/#\/schema\/person\/4e946ed4b027d3c156b958c66d6bb474","name":"Mountain Mediation","image":{"@type":"ImageObject","inLanguage":"es","@id":"https:\/\/mountainmediationcenter.org\/#\/schema\/person\/image\/","url":"https:\/\/secure.gravatar.com\/avatar\/61bf3077f93aadc68e34bb1066cdce1e88e17a6654fde8264a06a50b63d46e75?s=96&d=mm&r=g","contentUrl":"https:\/\/secure.gravatar.com\/avatar\/61bf3077f93aadc68e34bb1066cdce1e88e17a6654fde8264a06a50b63d46e75?s=96&d=mm&r=g","caption":"Mountain Mediation"},"sameAs":["https:\/\/mountainmediationcenter.org"],"url":"https:\/\/mountainmediationcenter.org\/es\/author\/infoutahwebdesignpros-com\/"}]}},"_links":{"self":[{"href":"https:\/\/mountainmediationcenter.org\/es\/wp-json\/wp\/v2\/posts\/10198","targetHints":{"allow":["GET"]}}],"collection":[{"href":"https:\/\/mountainmediationcenter.org\/es\/wp-json\/wp\/v2\/posts"}],"about":[{"href":"https:\/\/mountainmediationcenter.org\/es\/wp-json\/wp\/v2\/types\/post"}],"author":[{"embeddable":true,"href":"https:\/\/mountainmediationcenter.org\/es\/wp-json\/wp\/v2\/users\/1"}],"replies":[{"embeddable":true,"href":"https:\/\/mountainmediationcenter.org\/es\/wp-json\/wp\/v2\/comments?post=10198"}],"version-history":[{"count":1,"href":"https:\/\/mountainmediationcenter.org\/es\/wp-json\/wp\/v2\/posts\/10198\/revisions"}],"predecessor-version":[{"id":10200,"href":"https:\/\/mountainmediationcenter.org\/es\/wp-json\/wp\/v2\/posts\/10198\/revisions\/10200"}],"wp:featuredmedia":[{"embeddable":true,"href":"https:\/\/mountainmediationcenter.org\/es\/wp-json\/wp\/v2\/media\/10199"}],"wp:attachment":[{"href":"https:\/\/mountainmediationcenter.org\/es\/wp-json\/wp\/v2\/media?parent=10198"}],"wp:term":[{"taxonomy":"category","embeddable":true,"href":"https:\/\/mountainmediationcenter.org\/es\/wp-json\/wp\/v2\/categories?post=10198"},{"taxonomy":"post_tag","embeddable":true,"href":"https:\/\/mountainmediationcenter.org\/es\/wp-json\/wp\/v2\/tags?post=10198"}],"curies":[{"name":"wp","href":"https:\/\/api.w.org\/{rel}","templated":true}]}}