{"id":7734,"date":"2020-08-13T04:58:33","date_gmt":"2020-08-13T04:58:33","guid":{"rendered":"https:\/\/mountainmediationcenter.org\/?p=7734"},"modified":"2023-03-28T00:41:21","modified_gmt":"2023-03-28T00:41:21","slug":"mmc-offers-free-services-and-events-as-evictions-loom","status":"publish","type":"post","link":"https:\/\/mountainmediationcenter.org\/es\/mmc-offers-free-services-and-events-as-evictions-loom\/","title":{"rendered":"MMC ofrece servicios y eventos gratuitos ante la amenaza de desalojos"},"content":{"rendered":"<h3>MMC ofrece extensi\u00f3n y servicios en espa\u00f1ol para satisfacer la creciente necesidad en los condados de Summit y Wasatch de mediaci\u00f3n y educaci\u00f3n biling\u00fces en el \u00e1mbito entre propietario e inquilino.<\/h3>\n<p>Art\u00edculo de Leslie Thatcher para <a href=\"https:\/\/www.kpcw.org\/\" target=\"_blank\" rel=\"noopener\">KPCW<\/a> (13 de agosto de 2020)<\/p>\n<p>El Centro de Mediaci\u00f3n de Monta\u00f1a, una organizaci\u00f3n local sin fines de lucro de resoluci\u00f3n de conflictos, ha contratado a un nuevo coordinador de extensi\u00f3n para la comunidad hispanohablante del \u00e1rea y se est\u00e1 preparando para la posibilidad de desalojos masivos despu\u00e9s de que expiren las moratorias federales y estatales sobre el tema.<\/p>\n<p>El Centro de Mediaci\u00f3n de Monta\u00f1a de los condados de Summit y Wasatch funciona con solo cuatro empleados a tiempo parcial y varios voluntarios. Su misi\u00f3n es servir a los residentes de Wasatch Back ayud\u00e1ndolos a prevenir y resolver conflictos fuera de los tribunales.<\/p>\n<p>Su trabajo se detuvo cuando la pandemia de coronavirus golpe\u00f3 en marzo. Pero la directora ejecutiva Gretchen Lee dice que cuando los tribunales de reclamos menores comenzaron a ver una acumulaci\u00f3n de casos, el centro reinici\u00f3 su trabajo a mediados de mayo con sesiones de mediaci\u00f3n gratuitas a trav\u00e9s de Zoom los mi\u00e9rcoles.<\/p>\n<p>Lee dijo que el n\u00famero de solicitudes de servicios de mediaci\u00f3n familiar comenz\u00f3 a aumentar hace aproximadamente un mes.<\/p>\n<p>Una deficiencia del centro ha resultado en dificultades para ayudar a los hispanohablantes de la comunidad, por lo que el centro recientemente contrat\u00f3 a Lirio S\u00e1nchez (nativa de Park City que acaba de recibir su t\u00edtulo de contabilidad de la Universidad de Utah) para trabajar entre 15 y 20 horas a la semana.<\/p>\n<p>\u201cMi comunidad y, especialmente, ayudar a mi comunidad latina siempre ha sido muy importante, por lo que estaba muy entusiasmada con este puesto\u201d, dijo S\u00e1nchez. \u201cY a medida que aprend\u00ed m\u00e1s sobre Mountain Mediation y los servicios que brindan, sent\u00ed que esto era algo que podr\u00eda ser muy beneficioso para la comunidad hispanohablante\u201d.<\/p>\n<p>El 22 de agosto, el centro organizar\u00e1 un debate en l\u00ednea con la comunidad de habla hispana sobre la reinvenci\u00f3n del sistema de justicia y la justicia restaurativa. S\u00e1nchez dice que esperan generar m\u00e1s conciencia en la comunidad latina y responder las preguntas que puedan tener los espectadores. El evento se llevar\u00e1 a cabo en vivo de 10:30 a. m. a mediod\u00eda en la p\u00e1gina de Facebook del Mountain Mediation Center.<\/p>\n<p>Participar\u00e1n dos panelistas, incluido un analista de pol\u00edticas de Voices for Utah y un consejero de East High School en Salt Lake City.<\/p>\n<p>Lee dice que la comunidad de Park City ha hecho un trabajo incre\u00edble ayudando a las personas que necesitan asistencia para el alquiler. Y hasta ahora, dice que todav\u00eda no han visto muchos desalojos presentados en el Tribunal del Tercer Distrito.<\/p>\n<p>La moratoria estatal sobre los desalojos expir\u00f3 en mayo y la moratoria federal sobre los desalojos expir\u00f3 a fines de julio. Pero Lee dice que los propietarios tienen que esperar 30 d\u00edas antes de poder presentar una demanda de desalojo, por lo que Lee espera ver m\u00e1s desalojos para fines de mes y se est\u00e1 preparando para ello.<\/p>\n<p>\u201cNo sabemos realmente qu\u00e9 va a pasar, pero mientras tanto hemos estado preparando nuestro... tenemos un peque\u00f1o grupo de mediadores de tribunales de demandas de menor cuant\u00eda que est\u00e1n interesados en la mediaci\u00f3n entre propietarios e inquilinos y algunos de ellos tienen experiencia en el sector inmobiliario, as\u00ed que como organizaci\u00f3n hemos iniciado algunas mesas redondas con ellos\u201d, dijo. \u201cYa sabe, solo para asegurarnos de que est\u00e9n listos y en funcionamiento en caso de que nos llamen desde el tribunal para ayudar a mediar esos casos\u201d.<\/p>\n<p>El centro de mediaci\u00f3n tambi\u00e9n ofrece sus servicios a los peque\u00f1os propietarios.<\/p>\n<p>\u201cPodemos ayudar a los propietarios, en particular a los m\u00e1s peque\u00f1os, que tratan con los inquilinos de forma m\u00e1s individual, a renegociar los contratos de alquiler con sus inquilinos para que sepan que son contratos viables para ambas partes, teniendo en cuenta que los propietarios tienen facturas que pagar y que quiz\u00e1s los inquilinos no est\u00e1n en condiciones de pagar la totalidad de sus contratos de alquiler\u201d, dijo Lee, se\u00f1alando el sitio web de la organizaci\u00f3n a los posibles propietarios e inquilinos que necesitan este servicio. \u201cY luego, si tienen problemas a partir de ah\u00ed, tenemos mediadores listos para actuar y, gracias a la financiaci\u00f3n de nuestras otras organizaciones comunitarias, podemos hacerlo sin cargo alguno\u201d.<\/p>\n<p>Una segunda conversaci\u00f3n biling\u00fce sobre c\u00f3mo reimaginar la justicia, dice, se llevar\u00e1 a cabo en septiembre.<\/p>\n<p>&#8212;<\/p>\n<p><a href=\"https:\/\/www.kpcw.org\/local-news\/2020-08-13\/mountain-mediation-center-offers-free-services-and-events-as-evictions-loom\" target=\"_blank\" rel=\"noopener\">haga clic aqu\u00ed<\/a> Para leer\/escuchar el art\u00edculo en el sitio web de KPCW<\/p>","protected":false},"excerpt":{"rendered":"<p>MMC ofrece servicios de extensi\u00f3n y en espa\u00f1ol para satisfacer la creciente necesidad de educaci\u00f3n y mediaci\u00f3n biling\u00fces en el \u00e1mbito de propietarios e inquilinos en los condados de Summit y Wasatch. Art\u00edculo de Leslie Thatcher para KPCW (13 de agosto de 2020) El Mountain Mediation Center, una organizaci\u00f3n sin fines de lucro local de resoluci\u00f3n de conflictos, ha contratado a un nuevo coordinador de extensi\u00f3n para la comunidad hispanohablante del \u00e1rea [\u2026]<\/p>","protected":false},"author":10,"featured_media":0,"comment_status":"open","ping_status":"open","sticky":false,"template":"","format":"standard","meta":{"footnotes":""},"categories":[58,55],"tags":[62,68,66,64,69,65],"class_list":["post-7734","post","type-post","status-publish","format-standard","hentry","category-event-news","category-housing-news","tag-community-conversation","tag-education","tag-eviction","tag-housing","tag-landlord-tenant","tag-rent"],"yoast_head":"<!-- This site is optimized with the Yoast SEO plugin v23.2 - https:\/\/yoast.com\/wordpress\/plugins\/seo\/ -->\n<title>MMC Offers Free Services and Events as Evictions Loom - Mountain Mediation Center<\/title>\n<meta name=\"description\" content=\"MMC provides outreach and services in Spanish to meet the growing need for bilingual mediation and education in the landlord\/tenant arena.\" \/>\n<meta name=\"robots\" content=\"index, follow, max-snippet:-1, max-image-preview:large, max-video-preview:-1\" \/>\n<link rel=\"canonical\" href=\"https:\/\/mountainmediationcenter.org\/es\/mmc-offers-free-services-and-events-as-evictions-loom\/\" \/>\n<meta property=\"og:locale\" content=\"es_ES\" \/>\n<meta property=\"og:type\" content=\"article\" \/>\n<meta property=\"og:title\" content=\"MMC Offers Free Services and Events as Evictions Loom - Mountain Mediation Center\" \/>\n<meta property=\"og:description\" content=\"MMC provides outreach and services in Spanish to meet the growing need for bilingual mediation and education in the landlord\/tenant arena.\" \/>\n<meta property=\"og:url\" content=\"https:\/\/mountainmediationcenter.org\/es\/mmc-offers-free-services-and-events-as-evictions-loom\/\" \/>\n<meta property=\"og:site_name\" content=\"Mountain Mediation Center\" \/>\n<meta property=\"article:published_time\" content=\"2020-08-13T04:58:33+00:00\" \/>\n<meta property=\"article:modified_time\" content=\"2023-03-28T00:41:21+00:00\" \/>\n<meta name=\"author\" content=\"Admin\" \/>\n<meta name=\"twitter:card\" content=\"summary_large_image\" \/>\n<meta name=\"twitter:label1\" content=\"Escrito por\" \/>\n\t<meta name=\"twitter:data1\" content=\"Admin\" \/>\n\t<meta name=\"twitter:label2\" content=\"Tiempo de lectura\" \/>\n\t<meta name=\"twitter:data2\" content=\"3 minutos\" \/>\n<script type=\"application\/ld+json\" class=\"yoast-schema-graph\">{\"@context\":\"https:\/\/schema.org\",\"@graph\":[{\"@type\":\"WebPage\",\"@id\":\"https:\/\/mountainmediationcenter.org\/mmc-offers-free-services-and-events-as-evictions-loom\/\",\"url\":\"https:\/\/mountainmediationcenter.org\/mmc-offers-free-services-and-events-as-evictions-loom\/\",\"name\":\"MMC Offers Free Services and Events as Evictions Loom - Mountain Mediation Center\",\"isPartOf\":{\"@id\":\"https:\/\/mountainmediationcenter.org\/#website\"},\"datePublished\":\"2020-08-13T04:58:33+00:00\",\"dateModified\":\"2023-03-28T00:41:21+00:00\",\"author\":{\"@id\":\"https:\/\/mountainmediationcenter.org\/#\/schema\/person\/53e669f23eefa3611b1e400b968a2959\"},\"description\":\"MMC provides outreach and services in Spanish to meet the growing need for bilingual mediation and education in the landlord\/tenant arena.\",\"breadcrumb\":{\"@id\":\"https:\/\/mountainmediationcenter.org\/mmc-offers-free-services-and-events-as-evictions-loom\/#breadcrumb\"},\"inLanguage\":\"es\",\"potentialAction\":[{\"@type\":\"ReadAction\",\"target\":[\"https:\/\/mountainmediationcenter.org\/mmc-offers-free-services-and-events-as-evictions-loom\/\"]}]},{\"@type\":\"BreadcrumbList\",\"@id\":\"https:\/\/mountainmediationcenter.org\/mmc-offers-free-services-and-events-as-evictions-loom\/#breadcrumb\",\"itemListElement\":[{\"@type\":\"ListItem\",\"position\":1,\"name\":\"Home\",\"item\":\"https:\/\/mountainmediationcenter.org\/\"},{\"@type\":\"ListItem\",\"position\":2,\"name\":\"MMC Offers Free Services and Events as Evictions Loom\"}]},{\"@type\":\"WebSite\",\"@id\":\"https:\/\/mountainmediationcenter.org\/#website\",\"url\":\"https:\/\/mountainmediationcenter.org\/\",\"name\":\"Mountain Mediation Center\",\"description\":\"Bringing people together to prevent conflict, resolve disputes, and build a more inclusive community.\",\"potentialAction\":[{\"@type\":\"SearchAction\",\"target\":{\"@type\":\"EntryPoint\",\"urlTemplate\":\"https:\/\/mountainmediationcenter.org\/?s={search_term_string}\"},\"query-input\":\"required name=search_term_string\"}],\"inLanguage\":\"es\"},{\"@type\":\"Person\",\"@id\":\"https:\/\/mountainmediationcenter.org\/#\/schema\/person\/53e669f23eefa3611b1e400b968a2959\",\"name\":\"Admin\",\"image\":{\"@type\":\"ImageObject\",\"inLanguage\":\"es\",\"@id\":\"https:\/\/mountainmediationcenter.org\/#\/schema\/person\/image\/\",\"url\":\"https:\/\/secure.gravatar.com\/avatar\/baf6be8a30a21aa2344720ecd47a3557c50e5dfb263635dc56d0be2ca7ff8e5a?s=96&d=mm&r=g\",\"contentUrl\":\"https:\/\/secure.gravatar.com\/avatar\/baf6be8a30a21aa2344720ecd47a3557c50e5dfb263635dc56d0be2ca7ff8e5a?s=96&d=mm&r=g\",\"caption\":\"Admin\"},\"url\":\"https:\/\/mountainmediationcenter.org\/es\/author\/admin\/\"}]}<\/script>\n<!-- \/ Yoast SEO plugin. -->","yoast_head_json":{"title":"MMC Offers Free Services and Events as Evictions Loom - Mountain Mediation Center","description":"MMC provides outreach and services in Spanish to meet the growing need for bilingual mediation and education in the landlord\/tenant arena.","robots":{"index":"index","follow":"follow","max-snippet":"max-snippet:-1","max-image-preview":"max-image-preview:large","max-video-preview":"max-video-preview:-1"},"canonical":"https:\/\/mountainmediationcenter.org\/es\/mmc-offers-free-services-and-events-as-evictions-loom\/","og_locale":"es_ES","og_type":"article","og_title":"MMC Offers Free Services and Events as Evictions Loom - Mountain Mediation Center","og_description":"MMC provides outreach and services in Spanish to meet the growing need for bilingual mediation and education in the landlord\/tenant arena.","og_url":"https:\/\/mountainmediationcenter.org\/es\/mmc-offers-free-services-and-events-as-evictions-loom\/","og_site_name":"Mountain Mediation Center","article_published_time":"2020-08-13T04:58:33+00:00","article_modified_time":"2023-03-28T00:41:21+00:00","author":"Admin","twitter_card":"summary_large_image","twitter_misc":{"Escrito por":"Admin","Tiempo de lectura":"3 minutos"},"schema":{"@context":"https:\/\/schema.org","@graph":[{"@type":"WebPage","@id":"https:\/\/mountainmediationcenter.org\/mmc-offers-free-services-and-events-as-evictions-loom\/","url":"https:\/\/mountainmediationcenter.org\/mmc-offers-free-services-and-events-as-evictions-loom\/","name":"MMC Offers Free Services and Events as Evictions Loom - Mountain Mediation Center","isPartOf":{"@id":"https:\/\/mountainmediationcenter.org\/#website"},"datePublished":"2020-08-13T04:58:33+00:00","dateModified":"2023-03-28T00:41:21+00:00","author":{"@id":"https:\/\/mountainmediationcenter.org\/#\/schema\/person\/53e669f23eefa3611b1e400b968a2959"},"description":"MMC provides outreach and services in Spanish to meet the growing need for bilingual mediation and education in the landlord\/tenant arena.","breadcrumb":{"@id":"https:\/\/mountainmediationcenter.org\/mmc-offers-free-services-and-events-as-evictions-loom\/#breadcrumb"},"inLanguage":"es","potentialAction":[{"@type":"ReadAction","target":["https:\/\/mountainmediationcenter.org\/mmc-offers-free-services-and-events-as-evictions-loom\/"]}]},{"@type":"BreadcrumbList","@id":"https:\/\/mountainmediationcenter.org\/mmc-offers-free-services-and-events-as-evictions-loom\/#breadcrumb","itemListElement":[{"@type":"ListItem","position":1,"name":"Home","item":"https:\/\/mountainmediationcenter.org\/"},{"@type":"ListItem","position":2,"name":"MMC Offers Free Services and Events as Evictions Loom"}]},{"@type":"WebSite","@id":"https:\/\/mountainmediationcenter.org\/#website","url":"https:\/\/mountainmediationcenter.org\/","name":"Mountain Mediation Center","description":"Bringing people together to prevent conflict, resolve disputes, and build a more inclusive community.","potentialAction":[{"@type":"SearchAction","target":{"@type":"EntryPoint","urlTemplate":"https:\/\/mountainmediationcenter.org\/?s={search_term_string}"},"query-input":"required name=search_term_string"}],"inLanguage":"es"},{"@type":"Person","@id":"https:\/\/mountainmediationcenter.org\/#\/schema\/person\/53e669f23eefa3611b1e400b968a2959","name":"Admin","image":{"@type":"ImageObject","inLanguage":"es","@id":"https:\/\/mountainmediationcenter.org\/#\/schema\/person\/image\/","url":"https:\/\/secure.gravatar.com\/avatar\/baf6be8a30a21aa2344720ecd47a3557c50e5dfb263635dc56d0be2ca7ff8e5a?s=96&d=mm&r=g","contentUrl":"https:\/\/secure.gravatar.com\/avatar\/baf6be8a30a21aa2344720ecd47a3557c50e5dfb263635dc56d0be2ca7ff8e5a?s=96&d=mm&r=g","caption":"Admin"},"url":"https:\/\/mountainmediationcenter.org\/es\/author\/admin\/"}]}},"_links":{"self":[{"href":"https:\/\/mountainmediationcenter.org\/es\/wp-json\/wp\/v2\/posts\/7734","targetHints":{"allow":["GET"]}}],"collection":[{"href":"https:\/\/mountainmediationcenter.org\/es\/wp-json\/wp\/v2\/posts"}],"about":[{"href":"https:\/\/mountainmediationcenter.org\/es\/wp-json\/wp\/v2\/types\/post"}],"author":[{"embeddable":true,"href":"https:\/\/mountainmediationcenter.org\/es\/wp-json\/wp\/v2\/users\/10"}],"replies":[{"embeddable":true,"href":"https:\/\/mountainmediationcenter.org\/es\/wp-json\/wp\/v2\/comments?post=7734"}],"version-history":[{"count":4,"href":"https:\/\/mountainmediationcenter.org\/es\/wp-json\/wp\/v2\/posts\/7734\/revisions"}],"predecessor-version":[{"id":7750,"href":"https:\/\/mountainmediationcenter.org\/es\/wp-json\/wp\/v2\/posts\/7734\/revisions\/7750"}],"wp:attachment":[{"href":"https:\/\/mountainmediationcenter.org\/es\/wp-json\/wp\/v2\/media?parent=7734"}],"wp:term":[{"taxonomy":"category","embeddable":true,"href":"https:\/\/mountainmediationcenter.org\/es\/wp-json\/wp\/v2\/categories?post=7734"},{"taxonomy":"post_tag","embeddable":true,"href":"https:\/\/mountainmediationcenter.org\/es\/wp-json\/wp\/v2\/tags?post=7734"}],"curies":[{"name":"wp","href":"https:\/\/api.w.org\/{rel}","templated":true}]}}