{"id":7761,"date":"2022-09-09T05:47:14","date_gmt":"2022-09-09T05:47:14","guid":{"rendered":"https:\/\/mountainmediationcenter.org\/?p=7761"},"modified":"2023-03-28T00:43:45","modified_gmt":"2023-03-28T00:43:45","slug":"mmc-partners-with-pc-and-summit-county-for-olympic-conversations","status":"publish","type":"post","link":"https:\/\/mountainmediationcenter.org\/es\/mmc-partners-with-pc-and-summit-county-for-olympic-conversations\/","title":{"rendered":"MMC se asocia con PC y Summit County para conversar sobre los Juegos Ol\u00edmpicos"},"content":{"rendered":"<h3>El Centro de Mediaci\u00f3n de Monta\u00f1a se asocia con PC y el condado de Summit para conversar sobre los impactos de los Juegos Ol\u00edmpicos de Invierno en los residentes.<\/h3>\n<p>Art\u00edculo de Trevor Redd Smith para <a href=\"https:\/\/townlift.com\/\" target=\"_blank\" rel=\"noopener\">Ascensor de la ciudad<\/a> (9 de septiembre de 2022)<\/p>\n<p>PARK CITY, Utah \u2013 En un comunicado de prensa del 7 de septiembre, el Centro de Mediaci\u00f3n de la Monta\u00f1a anunci\u00f3 una serie de conversaciones comunitarias en asociaci\u00f3n con los gobiernos municipales de Park City y Summit County sobre los Juegos Ol\u00edmpicos de Invierno en Summit County. La serie de conversaciones, titulada \u201cLa candidatura ol\u00edmpica de Utah: un proyecto de escucha en Summit County\u201d, tendr\u00e1 como objetivo permitir que los miembros de la comunidad expresen sus esperanzas e inquietudes en un formato de grupos peque\u00f1os.<\/p>\n<p>La serie de conversaciones se llevar\u00e1 a cabo en varias fechas, del 20 de septiembre al 6 de octubre. Los detalles sobre la hora, el lugar y la inscripci\u00f3n se pueden encontrar aqu\u00ed. Las plazas son limitadas y es necesario registrarse para participar.<\/p>\n<p>La participaci\u00f3n del Centro de Mediaci\u00f3n de Monta\u00f1a en la serie como mediador sin fines de lucro refleja los sentimientos encontrados que probablemente tengan los miembros de la comunidad sobre la posibilidad de que se celebren otros Juegos Ol\u00edmpicos de Invierno en el condado de Summit y sus alrededores. Los recuerdos de los Juegos Ol\u00edmpicos de Invierno de 2002 todav\u00eda est\u00e1n frescos en la mente de muchas personas, para bien o para mal.<\/p>\n<p>&#8212;<\/p>\n<p><a href=\"https:\/\/townlift.com\/2022\/09\/mountain-mediation-partners-with-pc-and-summit-county-for-conversation-on-impacts-of-winter-olympics-on-residents\/\" target=\"_blank\" rel=\"noopener\">haga clic aqu\u00ed<\/a> Para leer este art\u00edculo en el sitio web de Town Lift<\/p>","protected":false},"excerpt":{"rendered":"<p>El Centro de Mediaci\u00f3n de la Monta\u00f1a se asocia con el PC y el condado de Summit para conversar sobre los impactos de los Juegos Ol\u00edmpicos de Invierno en los residentes. Art\u00edculo de Trevor Redd Smith para Town Lift (9 de septiembre de 2022) PARK CITY, Utah \u2013 En un comunicado de prensa del 7 de septiembre, el Centro de Mediaci\u00f3n de la Monta\u00f1a anunci\u00f3 una serie de conversaciones comunitarias en asociaci\u00f3n con Park City y el condado de Summit [\u2026]<\/p>","protected":false},"author":10,"featured_media":7762,"comment_status":"open","ping_status":"open","sticky":false,"template":"","format":"standard","meta":{"footnotes":""},"categories":[58],"tags":[62,75],"class_list":["post-7761","post","type-post","status-publish","format-standard","has-post-thumbnail","hentry","category-event-news","tag-community-conversation","tag-olympics"],"yoast_head":"<!-- This site is optimized with the Yoast SEO plugin v23.2 - https:\/\/yoast.com\/wordpress\/plugins\/seo\/ -->\n<title>MMC partners with PC and Summit County for Olympics Conversations - Mountain Mediation Center<\/title>\n<meta name=\"description\" content=\"Mountain Mediation Center partners with PC and Summit County for conversation on impacts of Winter Olympics on residents.\" \/>\n<meta name=\"robots\" content=\"index, follow, max-snippet:-1, max-image-preview:large, max-video-preview:-1\" \/>\n<link rel=\"canonical\" href=\"https:\/\/mountainmediationcenter.org\/es\/mmc-partners-with-pc-and-summit-county-for-olympic-conversations\/\" \/>\n<meta property=\"og:locale\" content=\"es_ES\" \/>\n<meta property=\"og:type\" content=\"article\" \/>\n<meta property=\"og:title\" content=\"MMC partners with PC and Summit County for Olympics Conversations - Mountain Mediation Center\" \/>\n<meta property=\"og:description\" content=\"Mountain Mediation Center partners with PC and Summit County for conversation on impacts of Winter Olympics on residents.\" \/>\n<meta property=\"og:url\" content=\"https:\/\/mountainmediationcenter.org\/es\/mmc-partners-with-pc-and-summit-county-for-olympic-conversations\/\" \/>\n<meta property=\"og:site_name\" content=\"Mountain Mediation Center\" \/>\n<meta property=\"article:published_time\" content=\"2022-09-09T05:47:14+00:00\" \/>\n<meta property=\"article:modified_time\" content=\"2023-03-28T00:43:45+00:00\" \/>\n<meta property=\"og:image\" content=\"https:\/\/mountainmediationcenter.org\/wp-content\/uploads\/2023\/03\/FullSizeRender-2-scaled-e1655744849870-1200x675-1.jpg\" \/>\n\t<meta property=\"og:image:width\" content=\"1200\" \/>\n\t<meta property=\"og:image:height\" content=\"675\" \/>\n\t<meta property=\"og:image:type\" content=\"image\/jpeg\" \/>\n<meta name=\"author\" content=\"Admin\" \/>\n<meta name=\"twitter:card\" content=\"summary_large_image\" \/>\n<meta name=\"twitter:label1\" content=\"Escrito por\" \/>\n\t<meta name=\"twitter:data1\" content=\"Admin\" \/>\n\t<meta name=\"twitter:label2\" content=\"Tiempo de lectura\" \/>\n\t<meta name=\"twitter:data2\" content=\"1 minuto\" \/>\n<script type=\"application\/ld+json\" class=\"yoast-schema-graph\">{\"@context\":\"https:\/\/schema.org\",\"@graph\":[{\"@type\":\"WebPage\",\"@id\":\"https:\/\/mountainmediationcenter.org\/mmc-partners-with-pc-and-summit-county-for-olympic-conversations\/\",\"url\":\"https:\/\/mountainmediationcenter.org\/mmc-partners-with-pc-and-summit-county-for-olympic-conversations\/\",\"name\":\"MMC partners with PC and Summit County for Olympics Conversations - Mountain Mediation Center\",\"isPartOf\":{\"@id\":\"https:\/\/mountainmediationcenter.org\/#website\"},\"primaryImageOfPage\":{\"@id\":\"https:\/\/mountainmediationcenter.org\/mmc-partners-with-pc-and-summit-county-for-olympic-conversations\/#primaryimage\"},\"image\":{\"@id\":\"https:\/\/mountainmediationcenter.org\/mmc-partners-with-pc-and-summit-county-for-olympic-conversations\/#primaryimage\"},\"thumbnailUrl\":\"https:\/\/mountainmediationcenter.org\/wp-content\/uploads\/2023\/03\/FullSizeRender-2-scaled-e1655744849870-1200x675-1.jpg\",\"datePublished\":\"2022-09-09T05:47:14+00:00\",\"dateModified\":\"2023-03-28T00:43:45+00:00\",\"author\":{\"@id\":\"https:\/\/mountainmediationcenter.org\/#\/schema\/person\/53e669f23eefa3611b1e400b968a2959\"},\"description\":\"Mountain Mediation Center partners with PC and Summit County for conversation on impacts of Winter Olympics on residents.\",\"breadcrumb\":{\"@id\":\"https:\/\/mountainmediationcenter.org\/mmc-partners-with-pc-and-summit-county-for-olympic-conversations\/#breadcrumb\"},\"inLanguage\":\"es\",\"potentialAction\":[{\"@type\":\"ReadAction\",\"target\":[\"https:\/\/mountainmediationcenter.org\/mmc-partners-with-pc-and-summit-county-for-olympic-conversations\/\"]}]},{\"@type\":\"ImageObject\",\"inLanguage\":\"es\",\"@id\":\"https:\/\/mountainmediationcenter.org\/mmc-partners-with-pc-and-summit-county-for-olympic-conversations\/#primaryimage\",\"url\":\"https:\/\/mountainmediationcenter.org\/wp-content\/uploads\/2023\/03\/FullSizeRender-2-scaled-e1655744849870-1200x675-1.jpg\",\"contentUrl\":\"https:\/\/mountainmediationcenter.org\/wp-content\/uploads\/2023\/03\/FullSizeRender-2-scaled-e1655744849870-1200x675-1.jpg\",\"width\":1200,\"height\":675},{\"@type\":\"BreadcrumbList\",\"@id\":\"https:\/\/mountainmediationcenter.org\/mmc-partners-with-pc-and-summit-county-for-olympic-conversations\/#breadcrumb\",\"itemListElement\":[{\"@type\":\"ListItem\",\"position\":1,\"name\":\"Home\",\"item\":\"https:\/\/mountainmediationcenter.org\/\"},{\"@type\":\"ListItem\",\"position\":2,\"name\":\"MMC partners with PC and Summit County for Olympics Conversations\"}]},{\"@type\":\"WebSite\",\"@id\":\"https:\/\/mountainmediationcenter.org\/#website\",\"url\":\"https:\/\/mountainmediationcenter.org\/\",\"name\":\"Mountain Mediation Center\",\"description\":\"Bringing people together to prevent conflict, resolve disputes, and build a more inclusive community.\",\"potentialAction\":[{\"@type\":\"SearchAction\",\"target\":{\"@type\":\"EntryPoint\",\"urlTemplate\":\"https:\/\/mountainmediationcenter.org\/?s={search_term_string}\"},\"query-input\":\"required name=search_term_string\"}],\"inLanguage\":\"es\"},{\"@type\":\"Person\",\"@id\":\"https:\/\/mountainmediationcenter.org\/#\/schema\/person\/53e669f23eefa3611b1e400b968a2959\",\"name\":\"Admin\",\"image\":{\"@type\":\"ImageObject\",\"inLanguage\":\"es\",\"@id\":\"https:\/\/mountainmediationcenter.org\/#\/schema\/person\/image\/\",\"url\":\"https:\/\/secure.gravatar.com\/avatar\/baf6be8a30a21aa2344720ecd47a3557c50e5dfb263635dc56d0be2ca7ff8e5a?s=96&d=mm&r=g\",\"contentUrl\":\"https:\/\/secure.gravatar.com\/avatar\/baf6be8a30a21aa2344720ecd47a3557c50e5dfb263635dc56d0be2ca7ff8e5a?s=96&d=mm&r=g\",\"caption\":\"Admin\"},\"url\":\"https:\/\/mountainmediationcenter.org\/es\/author\/admin\/\"}]}<\/script>\n<!-- \/ Yoast SEO plugin. -->","yoast_head_json":{"title":"MMC partners with PC and Summit County for Olympics Conversations - Mountain Mediation Center","description":"Mountain Mediation Center partners with PC and Summit County for conversation on impacts of Winter Olympics on residents.","robots":{"index":"index","follow":"follow","max-snippet":"max-snippet:-1","max-image-preview":"max-image-preview:large","max-video-preview":"max-video-preview:-1"},"canonical":"https:\/\/mountainmediationcenter.org\/es\/mmc-partners-with-pc-and-summit-county-for-olympic-conversations\/","og_locale":"es_ES","og_type":"article","og_title":"MMC partners with PC and Summit County for Olympics Conversations - Mountain Mediation Center","og_description":"Mountain Mediation Center partners with PC and Summit County for conversation on impacts of Winter Olympics on residents.","og_url":"https:\/\/mountainmediationcenter.org\/es\/mmc-partners-with-pc-and-summit-county-for-olympic-conversations\/","og_site_name":"Mountain Mediation Center","article_published_time":"2022-09-09T05:47:14+00:00","article_modified_time":"2023-03-28T00:43:45+00:00","og_image":[{"width":1200,"height":675,"url":"https:\/\/mountainmediationcenter.org\/wp-content\/uploads\/2023\/03\/FullSizeRender-2-scaled-e1655744849870-1200x675-1.jpg","type":"image\/jpeg"}],"author":"Admin","twitter_card":"summary_large_image","twitter_misc":{"Escrito por":"Admin","Tiempo de lectura":"1 minuto"},"schema":{"@context":"https:\/\/schema.org","@graph":[{"@type":"WebPage","@id":"https:\/\/mountainmediationcenter.org\/mmc-partners-with-pc-and-summit-county-for-olympic-conversations\/","url":"https:\/\/mountainmediationcenter.org\/mmc-partners-with-pc-and-summit-county-for-olympic-conversations\/","name":"MMC partners with PC and Summit County for Olympics Conversations - Mountain Mediation Center","isPartOf":{"@id":"https:\/\/mountainmediationcenter.org\/#website"},"primaryImageOfPage":{"@id":"https:\/\/mountainmediationcenter.org\/mmc-partners-with-pc-and-summit-county-for-olympic-conversations\/#primaryimage"},"image":{"@id":"https:\/\/mountainmediationcenter.org\/mmc-partners-with-pc-and-summit-county-for-olympic-conversations\/#primaryimage"},"thumbnailUrl":"https:\/\/mountainmediationcenter.org\/wp-content\/uploads\/2023\/03\/FullSizeRender-2-scaled-e1655744849870-1200x675-1.jpg","datePublished":"2022-09-09T05:47:14+00:00","dateModified":"2023-03-28T00:43:45+00:00","author":{"@id":"https:\/\/mountainmediationcenter.org\/#\/schema\/person\/53e669f23eefa3611b1e400b968a2959"},"description":"Mountain Mediation Center partners with PC and Summit County for conversation on impacts of Winter Olympics on residents.","breadcrumb":{"@id":"https:\/\/mountainmediationcenter.org\/mmc-partners-with-pc-and-summit-county-for-olympic-conversations\/#breadcrumb"},"inLanguage":"es","potentialAction":[{"@type":"ReadAction","target":["https:\/\/mountainmediationcenter.org\/mmc-partners-with-pc-and-summit-county-for-olympic-conversations\/"]}]},{"@type":"ImageObject","inLanguage":"es","@id":"https:\/\/mountainmediationcenter.org\/mmc-partners-with-pc-and-summit-county-for-olympic-conversations\/#primaryimage","url":"https:\/\/mountainmediationcenter.org\/wp-content\/uploads\/2023\/03\/FullSizeRender-2-scaled-e1655744849870-1200x675-1.jpg","contentUrl":"https:\/\/mountainmediationcenter.org\/wp-content\/uploads\/2023\/03\/FullSizeRender-2-scaled-e1655744849870-1200x675-1.jpg","width":1200,"height":675},{"@type":"BreadcrumbList","@id":"https:\/\/mountainmediationcenter.org\/mmc-partners-with-pc-and-summit-county-for-olympic-conversations\/#breadcrumb","itemListElement":[{"@type":"ListItem","position":1,"name":"Home","item":"https:\/\/mountainmediationcenter.org\/"},{"@type":"ListItem","position":2,"name":"MMC partners with PC and Summit County for Olympics Conversations"}]},{"@type":"WebSite","@id":"https:\/\/mountainmediationcenter.org\/#website","url":"https:\/\/mountainmediationcenter.org\/","name":"Mountain Mediation Center","description":"Bringing people together to prevent conflict, resolve disputes, and build a more inclusive community.","potentialAction":[{"@type":"SearchAction","target":{"@type":"EntryPoint","urlTemplate":"https:\/\/mountainmediationcenter.org\/?s={search_term_string}"},"query-input":"required name=search_term_string"}],"inLanguage":"es"},{"@type":"Person","@id":"https:\/\/mountainmediationcenter.org\/#\/schema\/person\/53e669f23eefa3611b1e400b968a2959","name":"Admin","image":{"@type":"ImageObject","inLanguage":"es","@id":"https:\/\/mountainmediationcenter.org\/#\/schema\/person\/image\/","url":"https:\/\/secure.gravatar.com\/avatar\/baf6be8a30a21aa2344720ecd47a3557c50e5dfb263635dc56d0be2ca7ff8e5a?s=96&d=mm&r=g","contentUrl":"https:\/\/secure.gravatar.com\/avatar\/baf6be8a30a21aa2344720ecd47a3557c50e5dfb263635dc56d0be2ca7ff8e5a?s=96&d=mm&r=g","caption":"Admin"},"url":"https:\/\/mountainmediationcenter.org\/es\/author\/admin\/"}]}},"_links":{"self":[{"href":"https:\/\/mountainmediationcenter.org\/es\/wp-json\/wp\/v2\/posts\/7761","targetHints":{"allow":["GET"]}}],"collection":[{"href":"https:\/\/mountainmediationcenter.org\/es\/wp-json\/wp\/v2\/posts"}],"about":[{"href":"https:\/\/mountainmediationcenter.org\/es\/wp-json\/wp\/v2\/types\/post"}],"author":[{"embeddable":true,"href":"https:\/\/mountainmediationcenter.org\/es\/wp-json\/wp\/v2\/users\/10"}],"replies":[{"embeddable":true,"href":"https:\/\/mountainmediationcenter.org\/es\/wp-json\/wp\/v2\/comments?post=7761"}],"version-history":[{"count":1,"href":"https:\/\/mountainmediationcenter.org\/es\/wp-json\/wp\/v2\/posts\/7761\/revisions"}],"predecessor-version":[{"id":7763,"href":"https:\/\/mountainmediationcenter.org\/es\/wp-json\/wp\/v2\/posts\/7761\/revisions\/7763"}],"wp:featuredmedia":[{"embeddable":true,"href":"https:\/\/mountainmediationcenter.org\/es\/wp-json\/wp\/v2\/media\/7762"}],"wp:attachment":[{"href":"https:\/\/mountainmediationcenter.org\/es\/wp-json\/wp\/v2\/media?parent=7761"}],"wp:term":[{"taxonomy":"category","embeddable":true,"href":"https:\/\/mountainmediationcenter.org\/es\/wp-json\/wp\/v2\/categories?post=7761"},{"taxonomy":"post_tag","embeddable":true,"href":"https:\/\/mountainmediationcenter.org\/es\/wp-json\/wp\/v2\/tags?post=7761"}],"curies":[{"name":"wp","href":"https:\/\/api.w.org\/{rel}","templated":true}]}}