{"id":7767,"date":"2022-10-10T05:59:41","date_gmt":"2022-10-10T05:59:41","guid":{"rendered":"https:\/\/mountainmediationcenter.org\/?p=7767"},"modified":"2023-03-28T00:45:50","modified_gmt":"2023-03-28T00:45:50","slug":"parkites-share-excitement-concerns-over-hosting-olympics-again","status":"publish","type":"post","link":"https:\/\/mountainmediationcenter.org\/es\/parkites-share-excitement-concerns-over-hosting-olympics-again\/","title":{"rendered":"Los habitantes de Park comparten su entusiasmo y preocupaci\u00f3n por volver a ser sede de los Juegos Ol\u00edmpicos"},"content":{"rendered":"<h3 class=\"ArtP-subheadline\">Si bien la reuni\u00f3n del jueves por la noche fue el \u00faltimo evento en persona de la gira de escucha, todav\u00eda quedan dos reuniones virtuales por venir.<\/h3>\n<p>Art\u00edculo de Kimberly Flores para <a href=\"https:\/\/www.kpcw.org\/\" target=\"_blank\" rel=\"noopener\">KPCW<\/a> (10 de octubre de 2022)<\/p>\n<div class=\"ArtP-articleContainer\">\n<div class=\"ArtP-articleBody\">\n<p>Una larga lista de reglas recibi\u00f3 a los invitados cuando ingresaron a la sala de reuniones de la Biblioteca de Park City el jueves por la noche para la Conversaci\u00f3n Comunitaria Ol\u00edmpica del Centro de Meditaci\u00f3n de Monta\u00f1a. Algunas de estas reglas inclu\u00edan solicitudes como respetar al pr\u00f3jimo, escuchar sin juzgar, no discutir y no buscar soluciones.<\/p>\n<p>Los organizadores del Centro de Mediaci\u00f3n de Monta\u00f1a explicaron que el objetivo de su gira de escucha era reunir a la comunidad para escuchar sus pensamientos y temores en torno a otros Juegos Ol\u00edmpicos de Invierno.\u00a0<a class=\"Link\" href=\"https:\/\/www.kpcw.org\/state-regional\/2022-09-12\/park-city-summit-county-collecting-resident-feedback-on-future-olympic-games-concerns\" target=\"_blank\" rel=\"noopener\">Hubo seis reuniones en persona en diferentes lugares del condado de Summit del 13 de septiembre al 6 de octubre.<\/a><\/p>\n<p>En general, para la mayor\u00eda de los asistentes, las ventajas de que Utah sea sede de los Juegos Ol\u00edmpicos de Invierno de 2030 o 2034 superaron a las desventajas. Las preocupaciones se centraron principalmente en la vivienda, el transporte y el impacto ambiental de otros Juegos de Invierno.<\/p>\n<p>Jackie Perron asisti\u00f3 y dijo despu\u00e9s que la sostenibilidad era su principal prioridad.<\/p>\n<p>\u201cYa se trate de infraestructuras y edificios que podamos mantener a lo largo del tiempo, \u00bfcu\u00e1l ser\u00e1 el impacto que tendr\u00e1n en el clima? \u00bfCu\u00e1l ser\u00e1 el impacto que tendr\u00e1n en la gente de la comunidad en su conjunto?\u201d, explic\u00f3 Perron. \u201cTodo lo que potencialmente podr\u00eda venir con los Juegos Ol\u00edmpicos\u2026 \u00bfes realmente sostenible para nosotros como ciudad, como comunidad?\u201d.<\/p>\n<p>Varios de los presentes en la sala hab\u00edan vivido en Utah durante los Juegos Ol\u00edmpicos de 2002 y dijeron que consideran que otros Juegos de Invierno ser\u00edan una gran victoria para Utah, y para Park City en particular.<\/p>\n<p>Douglas Griffen es un residente a tiempo parcial y un gran fan\u00e1tico de los Juegos.<\/p>\n<p>&quot;Tenemos una gran oportunidad&quot;, dijo Griffen. &quot;El hecho de que tengamos la infraestructura y la oportunidad de hacer dos cosas a la vez es algo que nadie puede hacer hoy en d\u00eda, por lo que, desde un punto de vista fiduciario, es casi como una obligaci\u00f3n hacerlo&quot;.<\/p>\n<p>La mayor\u00eda de los asistentes coincidieron en que, dado que Utah ya cuenta con las instalaciones necesarias, los Juegos Ol\u00edmpicos deber\u00edan considerarse un activo para resolver los problemas m\u00e1s urgentes de la regi\u00f3n, como el tr\u00e1fico, la vivienda asequible y el cumplimiento de los objetivos clim\u00e1ticos de la ciudad para 2030.<\/p>\n<p>Perron dijo que estaba contenta de tener la oportunidad de opinar sobre el tema.<\/p>\n<p>\u201cRealmente apreci\u00e9 poder conversar con la gente sobre lo que podr\u00eda ser y c\u00f3mo podr\u00edamos tener b\u00e1sicamente una segunda ronda de Utah como anfitri\u00f3n de los Juegos Ol\u00edmpicos y hacerlo m\u00e1s intencional, ya sea a trav\u00e9s de la sostenibilidad o pr\u00e1cticas equitativas y realmente creando ese sentido de comunidad a trav\u00e9s de la inclusi\u00f3n\u201d, dijo Perron. \u201cApreci\u00e9 que la mayor\u00eda de la sala estuviera de acuerdo con que esos dos sentimientos fueran una prioridad\u201d.<\/p>\n<p>Si bien el jueves fue la \u00faltima discusi\u00f3n en persona, se han programado dos reuniones virtuales a la hora del almuerzo para el 27 de octubre y el 1 de noviembre.<\/p>\n<p>Una vez finalizadas esas reuniones, los organizadores del Centro de Mediaci\u00f3n de Monta\u00f1a recopilar\u00e1n los comentarios an\u00f3nimos y los presentar\u00e1n a los funcionarios de la ciudad y el condado.<\/p>\n<p>Es probable que se celebren m\u00e1s reuniones comunitarias si se elige a Utah. La decisi\u00f3n sobre los Juegos de 2030 podr\u00eda anunciarse en mayo del pr\u00f3ximo a\u00f1o.<\/p>\n<p>&#8212;<\/p>\n<p><a href=\"https:\/\/www.kpcw.org\/park-city\/2022-10-10\/parkites-share-excitement-concerns-over-hosting-olympics-again\" target=\"_blank\" rel=\"noopener\">haga clic aqu\u00ed<\/a> Para leer\/escuchar este art\u00edculo en el sitio web de KPCW<\/p>\n<\/div>\n<\/div>","protected":false},"excerpt":{"rendered":"<p>Si bien la reuni\u00f3n del jueves por la noche fue el \u00faltimo evento presencial de la gira de escucha, todav\u00eda quedan dos reuniones virtuales por venir. Art\u00edculo de Kimberly Flores para KPCW (10 de octubre de 2022) Una larga lista de reglas recibi\u00f3 a los invitados cuando ingresaron a la sala de reuniones de la biblioteca de Park City el jueves por la noche para la meditaci\u00f3n en la monta\u00f1a [\u2026]<\/p>","protected":false},"author":10,"featured_media":7768,"comment_status":"open","ping_status":"open","sticky":false,"template":"","format":"standard","meta":{"footnotes":""},"categories":[58],"tags":[62,75],"class_list":["post-7767","post","type-post","status-publish","format-standard","has-post-thumbnail","hentry","category-event-news","tag-community-conversation","tag-olympics"],"yoast_head":"<!-- This site is optimized with the Yoast SEO plugin v23.2 - https:\/\/yoast.com\/wordpress\/plugins\/seo\/ -->\n<title>Parkites share excitement, concerns over hosting Olympics again - Mountain Mediation Center<\/title>\n<meta name=\"description\" content=\"While Thursday night&#039;s meeting was the final in-person event of the listening tour, there are still two virtual meetings to come.\" \/>\n<meta name=\"robots\" content=\"index, follow, max-snippet:-1, max-image-preview:large, max-video-preview:-1\" \/>\n<link rel=\"canonical\" href=\"https:\/\/mountainmediationcenter.org\/es\/parkites-share-excitement-concerns-over-hosting-olympics-again\/\" \/>\n<meta property=\"og:locale\" content=\"es_ES\" \/>\n<meta property=\"og:type\" content=\"article\" \/>\n<meta property=\"og:title\" content=\"Parkites share excitement, concerns over hosting Olympics again - Mountain Mediation Center\" \/>\n<meta property=\"og:description\" content=\"While Thursday night&#039;s meeting was the final in-person event of the listening tour, there are still two virtual meetings to come.\" \/>\n<meta property=\"og:url\" content=\"https:\/\/mountainmediationcenter.org\/es\/parkites-share-excitement-concerns-over-hosting-olympics-again\/\" \/>\n<meta property=\"og:site_name\" content=\"Mountain Mediation Center\" \/>\n<meta property=\"article:published_time\" content=\"2022-10-10T05:59:41+00:00\" \/>\n<meta property=\"article:modified_time\" content=\"2023-03-28T00:45:50+00:00\" \/>\n<meta property=\"og:image\" content=\"https:\/\/mountainmediationcenter.org\/wp-content\/uploads\/2023\/03\/npr.brightspotcdn-2.webp\" \/>\n\t<meta property=\"og:image:width\" content=\"1760\" \/>\n\t<meta property=\"og:image:height\" content=\"2346\" \/>\n\t<meta property=\"og:image:type\" content=\"image\/webp\" \/>\n<meta name=\"author\" content=\"Admin\" \/>\n<meta name=\"twitter:card\" content=\"summary_large_image\" \/>\n<meta name=\"twitter:label1\" content=\"Escrito por\" \/>\n\t<meta name=\"twitter:data1\" content=\"Admin\" \/>\n\t<meta name=\"twitter:label2\" content=\"Tiempo de lectura\" \/>\n\t<meta name=\"twitter:data2\" content=\"3 minutos\" \/>\n<script type=\"application\/ld+json\" class=\"yoast-schema-graph\">{\"@context\":\"https:\/\/schema.org\",\"@graph\":[{\"@type\":\"WebPage\",\"@id\":\"https:\/\/mountainmediationcenter.org\/parkites-share-excitement-concerns-over-hosting-olympics-again\/\",\"url\":\"https:\/\/mountainmediationcenter.org\/parkites-share-excitement-concerns-over-hosting-olympics-again\/\",\"name\":\"Parkites share excitement, concerns over hosting Olympics again - Mountain Mediation Center\",\"isPartOf\":{\"@id\":\"https:\/\/mountainmediationcenter.org\/#website\"},\"primaryImageOfPage\":{\"@id\":\"https:\/\/mountainmediationcenter.org\/parkites-share-excitement-concerns-over-hosting-olympics-again\/#primaryimage\"},\"image\":{\"@id\":\"https:\/\/mountainmediationcenter.org\/parkites-share-excitement-concerns-over-hosting-olympics-again\/#primaryimage\"},\"thumbnailUrl\":\"https:\/\/mountainmediationcenter.org\/wp-content\/uploads\/2023\/03\/npr.brightspotcdn-2.webp\",\"datePublished\":\"2022-10-10T05:59:41+00:00\",\"dateModified\":\"2023-03-28T00:45:50+00:00\",\"author\":{\"@id\":\"https:\/\/mountainmediationcenter.org\/#\/schema\/person\/53e669f23eefa3611b1e400b968a2959\"},\"description\":\"While Thursday night's meeting was the final in-person event of the listening tour, there are still two virtual meetings to come.\",\"breadcrumb\":{\"@id\":\"https:\/\/mountainmediationcenter.org\/parkites-share-excitement-concerns-over-hosting-olympics-again\/#breadcrumb\"},\"inLanguage\":\"es\",\"potentialAction\":[{\"@type\":\"ReadAction\",\"target\":[\"https:\/\/mountainmediationcenter.org\/parkites-share-excitement-concerns-over-hosting-olympics-again\/\"]}]},{\"@type\":\"ImageObject\",\"inLanguage\":\"es\",\"@id\":\"https:\/\/mountainmediationcenter.org\/parkites-share-excitement-concerns-over-hosting-olympics-again\/#primaryimage\",\"url\":\"https:\/\/mountainmediationcenter.org\/wp-content\/uploads\/2023\/03\/npr.brightspotcdn-2.webp\",\"contentUrl\":\"https:\/\/mountainmediationcenter.org\/wp-content\/uploads\/2023\/03\/npr.brightspotcdn-2.webp\",\"width\":1760,\"height\":2346},{\"@type\":\"BreadcrumbList\",\"@id\":\"https:\/\/mountainmediationcenter.org\/parkites-share-excitement-concerns-over-hosting-olympics-again\/#breadcrumb\",\"itemListElement\":[{\"@type\":\"ListItem\",\"position\":1,\"name\":\"Home\",\"item\":\"https:\/\/mountainmediationcenter.org\/\"},{\"@type\":\"ListItem\",\"position\":2,\"name\":\"Parkites share excitement, concerns over hosting Olympics again\"}]},{\"@type\":\"WebSite\",\"@id\":\"https:\/\/mountainmediationcenter.org\/#website\",\"url\":\"https:\/\/mountainmediationcenter.org\/\",\"name\":\"Mountain Mediation Center\",\"description\":\"Bringing people together to prevent conflict, resolve disputes, and build a more inclusive community.\",\"potentialAction\":[{\"@type\":\"SearchAction\",\"target\":{\"@type\":\"EntryPoint\",\"urlTemplate\":\"https:\/\/mountainmediationcenter.org\/?s={search_term_string}\"},\"query-input\":\"required name=search_term_string\"}],\"inLanguage\":\"es\"},{\"@type\":\"Person\",\"@id\":\"https:\/\/mountainmediationcenter.org\/#\/schema\/person\/53e669f23eefa3611b1e400b968a2959\",\"name\":\"Admin\",\"image\":{\"@type\":\"ImageObject\",\"inLanguage\":\"es\",\"@id\":\"https:\/\/mountainmediationcenter.org\/#\/schema\/person\/image\/\",\"url\":\"https:\/\/secure.gravatar.com\/avatar\/baf6be8a30a21aa2344720ecd47a3557c50e5dfb263635dc56d0be2ca7ff8e5a?s=96&d=mm&r=g\",\"contentUrl\":\"https:\/\/secure.gravatar.com\/avatar\/baf6be8a30a21aa2344720ecd47a3557c50e5dfb263635dc56d0be2ca7ff8e5a?s=96&d=mm&r=g\",\"caption\":\"Admin\"},\"url\":\"https:\/\/mountainmediationcenter.org\/es\/author\/admin\/\"}]}<\/script>\n<!-- \/ Yoast SEO plugin. -->","yoast_head_json":{"title":"Parkites share excitement, concerns over hosting Olympics again - Mountain Mediation Center","description":"While Thursday night's meeting was the final in-person event of the listening tour, there are still two virtual meetings to come.","robots":{"index":"index","follow":"follow","max-snippet":"max-snippet:-1","max-image-preview":"max-image-preview:large","max-video-preview":"max-video-preview:-1"},"canonical":"https:\/\/mountainmediationcenter.org\/es\/parkites-share-excitement-concerns-over-hosting-olympics-again\/","og_locale":"es_ES","og_type":"article","og_title":"Parkites share excitement, concerns over hosting Olympics again - Mountain Mediation Center","og_description":"While Thursday night's meeting was the final in-person event of the listening tour, there are still two virtual meetings to come.","og_url":"https:\/\/mountainmediationcenter.org\/es\/parkites-share-excitement-concerns-over-hosting-olympics-again\/","og_site_name":"Mountain Mediation Center","article_published_time":"2022-10-10T05:59:41+00:00","article_modified_time":"2023-03-28T00:45:50+00:00","og_image":[{"width":1760,"height":2346,"url":"https:\/\/mountainmediationcenter.org\/wp-content\/uploads\/2023\/03\/npr.brightspotcdn-2.webp","type":"image\/webp"}],"author":"Admin","twitter_card":"summary_large_image","twitter_misc":{"Escrito por":"Admin","Tiempo de lectura":"3 minutos"},"schema":{"@context":"https:\/\/schema.org","@graph":[{"@type":"WebPage","@id":"https:\/\/mountainmediationcenter.org\/parkites-share-excitement-concerns-over-hosting-olympics-again\/","url":"https:\/\/mountainmediationcenter.org\/parkites-share-excitement-concerns-over-hosting-olympics-again\/","name":"Parkites share excitement, concerns over hosting Olympics again - Mountain Mediation Center","isPartOf":{"@id":"https:\/\/mountainmediationcenter.org\/#website"},"primaryImageOfPage":{"@id":"https:\/\/mountainmediationcenter.org\/parkites-share-excitement-concerns-over-hosting-olympics-again\/#primaryimage"},"image":{"@id":"https:\/\/mountainmediationcenter.org\/parkites-share-excitement-concerns-over-hosting-olympics-again\/#primaryimage"},"thumbnailUrl":"https:\/\/mountainmediationcenter.org\/wp-content\/uploads\/2023\/03\/npr.brightspotcdn-2.webp","datePublished":"2022-10-10T05:59:41+00:00","dateModified":"2023-03-28T00:45:50+00:00","author":{"@id":"https:\/\/mountainmediationcenter.org\/#\/schema\/person\/53e669f23eefa3611b1e400b968a2959"},"description":"While Thursday night's meeting was the final in-person event of the listening tour, there are still two virtual meetings to come.","breadcrumb":{"@id":"https:\/\/mountainmediationcenter.org\/parkites-share-excitement-concerns-over-hosting-olympics-again\/#breadcrumb"},"inLanguage":"es","potentialAction":[{"@type":"ReadAction","target":["https:\/\/mountainmediationcenter.org\/parkites-share-excitement-concerns-over-hosting-olympics-again\/"]}]},{"@type":"ImageObject","inLanguage":"es","@id":"https:\/\/mountainmediationcenter.org\/parkites-share-excitement-concerns-over-hosting-olympics-again\/#primaryimage","url":"https:\/\/mountainmediationcenter.org\/wp-content\/uploads\/2023\/03\/npr.brightspotcdn-2.webp","contentUrl":"https:\/\/mountainmediationcenter.org\/wp-content\/uploads\/2023\/03\/npr.brightspotcdn-2.webp","width":1760,"height":2346},{"@type":"BreadcrumbList","@id":"https:\/\/mountainmediationcenter.org\/parkites-share-excitement-concerns-over-hosting-olympics-again\/#breadcrumb","itemListElement":[{"@type":"ListItem","position":1,"name":"Home","item":"https:\/\/mountainmediationcenter.org\/"},{"@type":"ListItem","position":2,"name":"Parkites share excitement, concerns over hosting Olympics again"}]},{"@type":"WebSite","@id":"https:\/\/mountainmediationcenter.org\/#website","url":"https:\/\/mountainmediationcenter.org\/","name":"Mountain Mediation Center","description":"Bringing people together to prevent conflict, resolve disputes, and build a more inclusive community.","potentialAction":[{"@type":"SearchAction","target":{"@type":"EntryPoint","urlTemplate":"https:\/\/mountainmediationcenter.org\/?s={search_term_string}"},"query-input":"required name=search_term_string"}],"inLanguage":"es"},{"@type":"Person","@id":"https:\/\/mountainmediationcenter.org\/#\/schema\/person\/53e669f23eefa3611b1e400b968a2959","name":"Admin","image":{"@type":"ImageObject","inLanguage":"es","@id":"https:\/\/mountainmediationcenter.org\/#\/schema\/person\/image\/","url":"https:\/\/secure.gravatar.com\/avatar\/baf6be8a30a21aa2344720ecd47a3557c50e5dfb263635dc56d0be2ca7ff8e5a?s=96&d=mm&r=g","contentUrl":"https:\/\/secure.gravatar.com\/avatar\/baf6be8a30a21aa2344720ecd47a3557c50e5dfb263635dc56d0be2ca7ff8e5a?s=96&d=mm&r=g","caption":"Admin"},"url":"https:\/\/mountainmediationcenter.org\/es\/author\/admin\/"}]}},"_links":{"self":[{"href":"https:\/\/mountainmediationcenter.org\/es\/wp-json\/wp\/v2\/posts\/7767","targetHints":{"allow":["GET"]}}],"collection":[{"href":"https:\/\/mountainmediationcenter.org\/es\/wp-json\/wp\/v2\/posts"}],"about":[{"href":"https:\/\/mountainmediationcenter.org\/es\/wp-json\/wp\/v2\/types\/post"}],"author":[{"embeddable":true,"href":"https:\/\/mountainmediationcenter.org\/es\/wp-json\/wp\/v2\/users\/10"}],"replies":[{"embeddable":true,"href":"https:\/\/mountainmediationcenter.org\/es\/wp-json\/wp\/v2\/comments?post=7767"}],"version-history":[{"count":1,"href":"https:\/\/mountainmediationcenter.org\/es\/wp-json\/wp\/v2\/posts\/7767\/revisions"}],"predecessor-version":[{"id":7769,"href":"https:\/\/mountainmediationcenter.org\/es\/wp-json\/wp\/v2\/posts\/7767\/revisions\/7769"}],"wp:featuredmedia":[{"embeddable":true,"href":"https:\/\/mountainmediationcenter.org\/es\/wp-json\/wp\/v2\/media\/7768"}],"wp:attachment":[{"href":"https:\/\/mountainmediationcenter.org\/es\/wp-json\/wp\/v2\/media?parent=7767"}],"wp:term":[{"taxonomy":"category","embeddable":true,"href":"https:\/\/mountainmediationcenter.org\/es\/wp-json\/wp\/v2\/categories?post=7767"},{"taxonomy":"post_tag","embeddable":true,"href":"https:\/\/mountainmediationcenter.org\/es\/wp-json\/wp\/v2\/tags?post=7767"}],"curies":[{"name":"wp","href":"https:\/\/api.w.org\/{rel}","templated":true}]}}