{"id":7787,"date":"2023-03-14T07:31:30","date_gmt":"2023-03-14T07:31:30","guid":{"rendered":"https:\/\/mountainmediationcenter.org\/?p=7787"},"modified":"2023-03-28T00:51:57","modified_gmt":"2023-03-28T00:51:57","slug":"mmc-political-engagement-conversation","status":"publish","type":"post","link":"https:\/\/mountainmediationcenter.org\/es\/mmc-political-engagement-conversation\/","title":{"rendered":"Conversatorio sobre compromiso pol\u00edtico de MMC"},"content":{"rendered":"<h3 class=\"ArtP-subheadline\">Mountain Mediation Center, una organizaci\u00f3n sin fines de lucro que presta servicios en los condados de Summit y Wasatch, est\u00e1 organizando una conversaci\u00f3n comunitaria sobre el compromiso pol\u00edtico.<\/h3>\n<div class=\"ArtP-articleContainer\">\n<div class=\"ArtP-articleBody\">\n<p>Art\u00edculo de Andrea Buchanan para <a href=\"https:\/\/www.kpcw.org\/\" target=\"_blank\" rel=\"noopener\">KPCW<\/a> (14 de marzo de 2023)<\/p>\n<p>No hay muchos temas m\u00e1s pol\u00e9micos que la pol\u00edtica. Incluso una conversaci\u00f3n informal sobre el clima puede tomar un giro si surge el tema del cambio clim\u00e1tico.<\/p>\n<p>Nicole Wozniak es la coordinadora de conversaciones comunitarias del Centro de Mediaci\u00f3n de la Monta\u00f1a. La organizaci\u00f3n se especializa en la resoluci\u00f3n de conflictos con el objetivo de construir comunidades m\u00e1s inclusivas.<\/p>\n<p>Los temas de conversaci\u00f3n comunitaria anteriores han incluido la vivienda, la identidad de g\u00e9nero y lo que se siente ser mujer en estos d\u00edas.<\/p>\n<p>Ahora Mountain Mediation est\u00e1 abordando el compromiso pol\u00edtico.<\/p>\n<p>Wozniak dijo que puede comprender lo dif\u00edcil que puede ser el tema.<\/p>\n<p>\u201cRealmente quer\u00edamos centrarnos en el \u2018c\u00f3mo se hace\u2019, ya que no se trata de un seminario instructivo\u201d, dijo. \u201cQueremos escuchar a la comunidad decir c\u00f3mo se involucran o c\u00f3mo deciden no hacerlo\u201d.<\/p>\n<p>El debate est\u00e1 abierto al p\u00fablico y Wozniak afirm\u00f3 que ser\u00e1 un espacio seguro para participar en debates pol\u00edticos. La organizaci\u00f3n utiliza un proceso de justicia restaurativa en el que los asistentes se sientan en c\u00edrculo y hablan sin un panel formal o un experto.<\/p>\n<p>\u201cRealmente espero que las personas de la comunidad en todos los niveles de compromiso pol\u00edtico sientan que pueden venir a esta conversaci\u00f3n y hablar sobre c\u00f3mo se refleja en su vida, ya sea que se registren en una encuesta que dice que as\u00ed es como yo, as\u00ed es como veo el futuro de nuestra comunidad o si se postulan para un cargo, todos los niveles de compromiso pol\u00edtico son bienvenidos a esta conversaci\u00f3n&quot;.<\/p>\n<p>El evento se llevar\u00e1 a cabo el 15 de marzo de 6 p.m. a 7:30 p.m. en la sala comunitaria de la biblioteca de Park City en el tercer piso.<\/p>\n<p>&#8212;<\/p>\n<p><a href=\"https:\/\/www.kpcw.org\/park-city\/2023-03-14\/mountain-mediation-center-gets-political-wednesday\" target=\"_blank\" rel=\"noopener\">haga clic aqu\u00ed<\/a> Para leer\/escuchar este art\u00edculo en el sitio web de KPCW<\/p>\n<\/div>\n<\/div>","protected":false},"excerpt":{"rendered":"<p>Mountain Mediation Center, una organizaci\u00f3n sin fines de lucro que presta servicios en los condados de Summit y Wasatch, est\u00e1 organizando una conversaci\u00f3n comunitaria sobre el compromiso pol\u00edtico. Art\u00edculo de Andrea Buchanan para KPCW (14 de marzo de 2023) No hay muchos temas m\u00e1s divisivos que la pol\u00edtica. Incluso una charla informal sobre el clima puede cambiar de rumbo si surge el tema del cambio clim\u00e1tico. Nicole Wozniak es la [\u2026]<\/p>","protected":false},"author":10,"featured_media":7608,"comment_status":"open","ping_status":"open","sticky":false,"template":"","format":"standard","meta":{"footnotes":""},"categories":[58],"tags":[62,71,80],"class_list":["post-7787","post","type-post","status-publish","format-standard","has-post-thumbnail","hentry","category-event-news","tag-community-conversation","tag-inclusive-community","tag-political-engagement"],"yoast_head":"<!-- This site is optimized with the Yoast SEO plugin v23.2 - https:\/\/yoast.com\/wordpress\/plugins\/seo\/ -->\n<title>MMC Political Engagement Conversation - Mountain Mediation Center<\/title>\n<meta name=\"description\" content=\"MMC, a nonprofit serving Summit and\u00a0Wasatch counties, is hosting a community conversation about\u00a0political engagement.\" \/>\n<meta name=\"robots\" content=\"index, follow, max-snippet:-1, max-image-preview:large, max-video-preview:-1\" \/>\n<link rel=\"canonical\" href=\"https:\/\/mountainmediationcenter.org\/es\/mmc-political-engagement-conversation\/\" \/>\n<meta property=\"og:locale\" content=\"es_ES\" \/>\n<meta property=\"og:type\" content=\"article\" \/>\n<meta property=\"og:title\" content=\"MMC Political Engagement Conversation - Mountain Mediation Center\" \/>\n<meta property=\"og:description\" content=\"MMC, a nonprofit serving Summit and\u00a0Wasatch counties, is hosting a community conversation about\u00a0political engagement.\" \/>\n<meta property=\"og:url\" content=\"https:\/\/mountainmediationcenter.org\/es\/mmc-political-engagement-conversation\/\" \/>\n<meta property=\"og:site_name\" content=\"Mountain Mediation Center\" \/>\n<meta property=\"article:published_time\" content=\"2023-03-14T07:31:30+00:00\" \/>\n<meta property=\"article:modified_time\" content=\"2023-03-28T00:51:57+00:00\" \/>\n<meta property=\"og:image\" content=\"https:\/\/mountainmediationcenter.org\/wp-content\/uploads\/2023\/02\/Political-Engagement-Flyer.png\" \/>\n\t<meta property=\"og:image:width\" content=\"1545\" \/>\n\t<meta property=\"og:image:height\" content=\"2000\" \/>\n\t<meta property=\"og:image:type\" content=\"image\/png\" \/>\n<meta name=\"author\" content=\"Admin\" \/>\n<meta name=\"twitter:card\" content=\"summary_large_image\" \/>\n<meta name=\"twitter:label1\" content=\"Escrito por\" \/>\n\t<meta name=\"twitter:data1\" content=\"Admin\" \/>\n\t<meta name=\"twitter:label2\" content=\"Tiempo de lectura\" \/>\n\t<meta name=\"twitter:data2\" content=\"2 minutos\" \/>\n<script type=\"application\/ld+json\" class=\"yoast-schema-graph\">{\"@context\":\"https:\/\/schema.org\",\"@graph\":[{\"@type\":\"WebPage\",\"@id\":\"https:\/\/mountainmediationcenter.org\/mmc-political-engagement-conversation\/\",\"url\":\"https:\/\/mountainmediationcenter.org\/mmc-political-engagement-conversation\/\",\"name\":\"MMC Political Engagement Conversation - Mountain Mediation Center\",\"isPartOf\":{\"@id\":\"https:\/\/mountainmediationcenter.org\/#website\"},\"primaryImageOfPage\":{\"@id\":\"https:\/\/mountainmediationcenter.org\/mmc-political-engagement-conversation\/#primaryimage\"},\"image\":{\"@id\":\"https:\/\/mountainmediationcenter.org\/mmc-political-engagement-conversation\/#primaryimage\"},\"thumbnailUrl\":\"https:\/\/mountainmediationcenter.org\/wp-content\/uploads\/2023\/02\/Political-Engagement-Flyer.png\",\"datePublished\":\"2023-03-14T07:31:30+00:00\",\"dateModified\":\"2023-03-28T00:51:57+00:00\",\"author\":{\"@id\":\"https:\/\/mountainmediationcenter.org\/#\/schema\/person\/53e669f23eefa3611b1e400b968a2959\"},\"description\":\"MMC, a nonprofit serving Summit and\u00a0Wasatch counties, is hosting a community conversation about\u00a0political engagement.\",\"breadcrumb\":{\"@id\":\"https:\/\/mountainmediationcenter.org\/mmc-political-engagement-conversation\/#breadcrumb\"},\"inLanguage\":\"es\",\"potentialAction\":[{\"@type\":\"ReadAction\",\"target\":[\"https:\/\/mountainmediationcenter.org\/mmc-political-engagement-conversation\/\"]}]},{\"@type\":\"ImageObject\",\"inLanguage\":\"es\",\"@id\":\"https:\/\/mountainmediationcenter.org\/mmc-political-engagement-conversation\/#primaryimage\",\"url\":\"https:\/\/mountainmediationcenter.org\/wp-content\/uploads\/2023\/02\/Political-Engagement-Flyer.png\",\"contentUrl\":\"https:\/\/mountainmediationcenter.org\/wp-content\/uploads\/2023\/02\/Political-Engagement-Flyer.png\",\"width\":1545,\"height\":2000,\"caption\":\"Political Engagement - How do you do it?\"},{\"@type\":\"BreadcrumbList\",\"@id\":\"https:\/\/mountainmediationcenter.org\/mmc-political-engagement-conversation\/#breadcrumb\",\"itemListElement\":[{\"@type\":\"ListItem\",\"position\":1,\"name\":\"Home\",\"item\":\"https:\/\/mountainmediationcenter.org\/\"},{\"@type\":\"ListItem\",\"position\":2,\"name\":\"MMC Political Engagement Conversation\"}]},{\"@type\":\"WebSite\",\"@id\":\"https:\/\/mountainmediationcenter.org\/#website\",\"url\":\"https:\/\/mountainmediationcenter.org\/\",\"name\":\"Mountain Mediation Center\",\"description\":\"Bringing people together to prevent conflict, resolve disputes, and build a more inclusive community.\",\"potentialAction\":[{\"@type\":\"SearchAction\",\"target\":{\"@type\":\"EntryPoint\",\"urlTemplate\":\"https:\/\/mountainmediationcenter.org\/?s={search_term_string}\"},\"query-input\":\"required name=search_term_string\"}],\"inLanguage\":\"es\"},{\"@type\":\"Person\",\"@id\":\"https:\/\/mountainmediationcenter.org\/#\/schema\/person\/53e669f23eefa3611b1e400b968a2959\",\"name\":\"Admin\",\"image\":{\"@type\":\"ImageObject\",\"inLanguage\":\"es\",\"@id\":\"https:\/\/mountainmediationcenter.org\/#\/schema\/person\/image\/\",\"url\":\"https:\/\/secure.gravatar.com\/avatar\/baf6be8a30a21aa2344720ecd47a3557c50e5dfb263635dc56d0be2ca7ff8e5a?s=96&d=mm&r=g\",\"contentUrl\":\"https:\/\/secure.gravatar.com\/avatar\/baf6be8a30a21aa2344720ecd47a3557c50e5dfb263635dc56d0be2ca7ff8e5a?s=96&d=mm&r=g\",\"caption\":\"Admin\"},\"url\":\"https:\/\/mountainmediationcenter.org\/es\/author\/admin\/\"}]}<\/script>\n<!-- \/ Yoast SEO plugin. -->","yoast_head_json":{"title":"MMC Political Engagement Conversation - Mountain Mediation Center","description":"MMC, a nonprofit serving Summit and\u00a0Wasatch counties, is hosting a community conversation about\u00a0political engagement.","robots":{"index":"index","follow":"follow","max-snippet":"max-snippet:-1","max-image-preview":"max-image-preview:large","max-video-preview":"max-video-preview:-1"},"canonical":"https:\/\/mountainmediationcenter.org\/es\/mmc-political-engagement-conversation\/","og_locale":"es_ES","og_type":"article","og_title":"MMC Political Engagement Conversation - Mountain Mediation Center","og_description":"MMC, a nonprofit serving Summit and\u00a0Wasatch counties, is hosting a community conversation about\u00a0political engagement.","og_url":"https:\/\/mountainmediationcenter.org\/es\/mmc-political-engagement-conversation\/","og_site_name":"Mountain Mediation Center","article_published_time":"2023-03-14T07:31:30+00:00","article_modified_time":"2023-03-28T00:51:57+00:00","og_image":[{"width":1545,"height":2000,"url":"https:\/\/mountainmediationcenter.org\/wp-content\/uploads\/2023\/02\/Political-Engagement-Flyer.png","type":"image\/png"}],"author":"Admin","twitter_card":"summary_large_image","twitter_misc":{"Escrito por":"Admin","Tiempo de lectura":"2 minutos"},"schema":{"@context":"https:\/\/schema.org","@graph":[{"@type":"WebPage","@id":"https:\/\/mountainmediationcenter.org\/mmc-political-engagement-conversation\/","url":"https:\/\/mountainmediationcenter.org\/mmc-political-engagement-conversation\/","name":"MMC Political Engagement Conversation - Mountain Mediation Center","isPartOf":{"@id":"https:\/\/mountainmediationcenter.org\/#website"},"primaryImageOfPage":{"@id":"https:\/\/mountainmediationcenter.org\/mmc-political-engagement-conversation\/#primaryimage"},"image":{"@id":"https:\/\/mountainmediationcenter.org\/mmc-political-engagement-conversation\/#primaryimage"},"thumbnailUrl":"https:\/\/mountainmediationcenter.org\/wp-content\/uploads\/2023\/02\/Political-Engagement-Flyer.png","datePublished":"2023-03-14T07:31:30+00:00","dateModified":"2023-03-28T00:51:57+00:00","author":{"@id":"https:\/\/mountainmediationcenter.org\/#\/schema\/person\/53e669f23eefa3611b1e400b968a2959"},"description":"MMC, a nonprofit serving Summit and\u00a0Wasatch counties, is hosting a community conversation about\u00a0political engagement.","breadcrumb":{"@id":"https:\/\/mountainmediationcenter.org\/mmc-political-engagement-conversation\/#breadcrumb"},"inLanguage":"es","potentialAction":[{"@type":"ReadAction","target":["https:\/\/mountainmediationcenter.org\/mmc-political-engagement-conversation\/"]}]},{"@type":"ImageObject","inLanguage":"es","@id":"https:\/\/mountainmediationcenter.org\/mmc-political-engagement-conversation\/#primaryimage","url":"https:\/\/mountainmediationcenter.org\/wp-content\/uploads\/2023\/02\/Political-Engagement-Flyer.png","contentUrl":"https:\/\/mountainmediationcenter.org\/wp-content\/uploads\/2023\/02\/Political-Engagement-Flyer.png","width":1545,"height":2000,"caption":"Political Engagement - How do you do it?"},{"@type":"BreadcrumbList","@id":"https:\/\/mountainmediationcenter.org\/mmc-political-engagement-conversation\/#breadcrumb","itemListElement":[{"@type":"ListItem","position":1,"name":"Home","item":"https:\/\/mountainmediationcenter.org\/"},{"@type":"ListItem","position":2,"name":"MMC Political Engagement Conversation"}]},{"@type":"WebSite","@id":"https:\/\/mountainmediationcenter.org\/#website","url":"https:\/\/mountainmediationcenter.org\/","name":"Mountain Mediation Center","description":"Bringing people together to prevent conflict, resolve disputes, and build a more inclusive community.","potentialAction":[{"@type":"SearchAction","target":{"@type":"EntryPoint","urlTemplate":"https:\/\/mountainmediationcenter.org\/?s={search_term_string}"},"query-input":"required name=search_term_string"}],"inLanguage":"es"},{"@type":"Person","@id":"https:\/\/mountainmediationcenter.org\/#\/schema\/person\/53e669f23eefa3611b1e400b968a2959","name":"Admin","image":{"@type":"ImageObject","inLanguage":"es","@id":"https:\/\/mountainmediationcenter.org\/#\/schema\/person\/image\/","url":"https:\/\/secure.gravatar.com\/avatar\/baf6be8a30a21aa2344720ecd47a3557c50e5dfb263635dc56d0be2ca7ff8e5a?s=96&d=mm&r=g","contentUrl":"https:\/\/secure.gravatar.com\/avatar\/baf6be8a30a21aa2344720ecd47a3557c50e5dfb263635dc56d0be2ca7ff8e5a?s=96&d=mm&r=g","caption":"Admin"},"url":"https:\/\/mountainmediationcenter.org\/es\/author\/admin\/"}]}},"_links":{"self":[{"href":"https:\/\/mountainmediationcenter.org\/es\/wp-json\/wp\/v2\/posts\/7787","targetHints":{"allow":["GET"]}}],"collection":[{"href":"https:\/\/mountainmediationcenter.org\/es\/wp-json\/wp\/v2\/posts"}],"about":[{"href":"https:\/\/mountainmediationcenter.org\/es\/wp-json\/wp\/v2\/types\/post"}],"author":[{"embeddable":true,"href":"https:\/\/mountainmediationcenter.org\/es\/wp-json\/wp\/v2\/users\/10"}],"replies":[{"embeddable":true,"href":"https:\/\/mountainmediationcenter.org\/es\/wp-json\/wp\/v2\/comments?post=7787"}],"version-history":[{"count":1,"href":"https:\/\/mountainmediationcenter.org\/es\/wp-json\/wp\/v2\/posts\/7787\/revisions"}],"predecessor-version":[{"id":7788,"href":"https:\/\/mountainmediationcenter.org\/es\/wp-json\/wp\/v2\/posts\/7787\/revisions\/7788"}],"wp:featuredmedia":[{"embeddable":true,"href":"https:\/\/mountainmediationcenter.org\/es\/wp-json\/wp\/v2\/media\/7608"}],"wp:attachment":[{"href":"https:\/\/mountainmediationcenter.org\/es\/wp-json\/wp\/v2\/media?parent=7787"}],"wp:term":[{"taxonomy":"category","embeddable":true,"href":"https:\/\/mountainmediationcenter.org\/es\/wp-json\/wp\/v2\/categories?post=7787"},{"taxonomy":"post_tag","embeddable":true,"href":"https:\/\/mountainmediationcenter.org\/es\/wp-json\/wp\/v2\/tags?post=7787"}],"curies":[{"name":"wp","href":"https:\/\/api.w.org\/{rel}","templated":true}]}}