{"id":9113,"date":"2024-05-10T09:35:25","date_gmt":"2024-05-10T09:35:25","guid":{"rendered":"https:\/\/mountainmediationcenter.org\/?p=9113"},"modified":"2024-06-13T00:44:52","modified_gmt":"2024-06-13T00:44:52","slug":"workshop-moves-from-contention-to-conversation","status":"publish","type":"post","link":"https:\/\/mountainmediationcenter.org\/es\/workshop-moves-from-contention-to-conversation\/","title":{"rendered":"El taller pasa de la controversia a la conversaci\u00f3n"},"content":{"rendered":"<h3>El reconocido autor Ken Cloke ser\u00e1 el facilitador.<\/h3>\n<p>Art\u00edculo de Scott Iwasaki para el <a href=\"https:\/\/www.parkrecord.com\/\" target=\"_blank\" rel=\"noopener\">R\u00e9cord del parque<\/a> (10 de mayo de 2024)<\/p>\n<p>La necesidad de un discurso civil surge en tiempos de divisi\u00f3n, como lo que est\u00e1 sucediendo en el pa\u00eds y en el mundo hoy en d\u00eda.<\/p>\n<p>Y es importante que las personas sepan que pueden seguir siendo amigos y parte de una comunidad incluso si no est\u00e1n de acuerdo entre s\u00ed.<\/p>\n<p>Esa lecci\u00f3n se transmitir\u00e1 durante el\u00a0<a href=\"https:\/\/mountainmediationcenter.org\/es\/\" target=\"_blank\" rel=\"noopener\">Centro de Mediaci\u00f3n de Monta\u00f1a<\/a>El pr\u00f3ximo libro de la autora, \u201cDe la contienda a la conversaci\u00f3n\u201d, ser\u00e1 dirigido por la autora y cofundadora de\u00a0<a href=\"https:\/\/mediatorsbeyondborders.org\/\" target=\"_blank\" rel=\"noopener\">Mediadores sin fronteras internacionales<\/a>\u00a0<a href=\"https:\/\/www.kencloke.com\/\" target=\"_blank\" rel=\"noopener\">Ken Cloke<\/a>, mediador y facilitador de di\u00e1logo reconocido mundialmente, el jueves 16 de mayo, en el Centro Educativo Blair del Hospital Park City, 900 Round Valley Drive.<\/p>\n<hr \/>\n<p>La inscripci\u00f3n ya est\u00e1 abierta para dos opciones diferentes, dijo Gretchen Lee, directora ejecutiva de la organizaci\u00f3n sin fines de lucro.<\/p>\n<figure class=\"wp-block-pullquote p402_hide\">\n<blockquote><p>Creo que parte de la raz\u00f3n por la que ha sido un desaf\u00edo interactuar entre nosotros es que la gente no quiere hacer da\u00f1o ni empeorar las cosas\u201d. Kris Campbell, director de desarrollo del Mountain Mediation Center<\/p><\/blockquote>\n<\/figure>\n<p>\u201cPodr\u00e1s venir todo el d\u00eda, lo que ser\u00e1 una formaci\u00f3n profunda para facilitar las conversaciones\u201d, dijo.<br \/>\n\u201cO existe una opci\u00f3n por la tarde si solo quieres participar en las conversaciones. Es entonces cuando los que asistieron por la ma\u00f1ana practicar\u00e1n algunas de las habilidades que aprendieron\u201d.<\/p>\n<hr \/>\n<div class=\"row\">\n<div class=\"col-sm-12 text-center p402_hide\"><\/div>\n<\/div>\n<p>El plazo de inscripci\u00f3n para la modalidad de jornada completa, que se desarrolla de 10:00 a 16:00 horas e incluye almuerzo, finaliza el lunes 13 de mayo. Las personas que quieran asistir a la sesi\u00f3n de la tarde pueden inscribirse hasta el 16 de mayo. (Ver horario a continuaci\u00f3n)<\/p>\n<p>El evento se vincula con la misi\u00f3n del Centro de Mediaci\u00f3n de Monta\u00f1a, que es \u201cdesarrollar capacidades locales para la paz, abogar por la mediaci\u00f3n y facilitar la transformaci\u00f3n de los conflictos a nivel mundial\u201d, dijo Lee.<\/p>\n<p>\u201cLo bueno de esto es que coincide totalmente con la capacitaci\u00f3n &#039;Hablemos&#039; que hemos estado realizando en la comunidad\u201d, dijo. \u201cEste taller permitir\u00e1 que las personas practiquen esas habilidades de &#039;Hablemos&#039;\u201d.<\/p>\n<p><a href=\"https:\/\/www.parkcity.org\/departments\/leadership-park-city\" target=\"_blank\" rel=\"noopener\">Parque de liderazgo de la ciudad<\/a>La clase 29 de la escuela secundaria inici\u00f3 \u201cHablemos\u201d como su proyecto de clase. Leadership Park City es un programa comunitario que alienta y capacita a nuevos l\u00edderes y brinda una oportunidad de aprendizaje grupal a largo plazo.<\/p>\n<p>\u201cNos involucraron, en base al trabajo que hacemos, y cuando la clase termin\u00f3 en octubre, retomamos &#039;Hablemos&#039;\u201d, dijo Lee.<\/p>\n<p>\u201cLet&#039;s Talk\u201d presenta cuatro m\u00f3dulos diferentes: autoconciencia, escucha activa, comunicaci\u00f3n para conectar y b\u00fasqueda de puntos en com\u00fan, todos ellos necesarios durante este tiempo de divisi\u00f3n, dijo Chris Campbell, director de desarrollo del Mountain Mediation Center.<\/p>\n<p>\u201cEsto es lo que la Clase de Liderazgo descubri\u00f3 mientras recorr\u00eda el lugar para recibir aportes sobre su proyecto\u201d, dijo. \u201cCuando hablaron con organizaciones sin fines de lucro, funcionarios gubernamentales y empresas, vieron la necesidad de poder hablar civilizadamente entre ellos, ser m\u00e1s efectivos a trav\u00e9s de nuestra comunicaci\u00f3n y resolver algunos de los desacuerdos que son tan comunes en estos d\u00edas\u201d.<\/p>\n<p>Aquellos que participan en la iniciativa \u201cHablemos\u201d han disfrutado aprendiendo sus principios y habilidades, dijo Campbell.<\/p>\n<p>\u201cUna vez que las aprenden, su siguiente pregunta es: &#039;\u00bfQu\u00e9 sigue?&#039;\u201d, dijo. \u201cPor eso existe un inter\u00e9s en querer participar y usar estas habilidades\u201d.<\/p>\n<p>Esas habilidades son importantes para que la gente pueda volver a tener conversaciones civilizadas, dijo Campbell.<\/p>\n<p>\u201cCreo que parte de la raz\u00f3n por la que ha sido dif\u00edcil interactuar entre s\u00ed es que la gente no quiere hacer da\u00f1o ni empeorar las cosas\u201d, dijo. \u201cPor eso, esta capacitaci\u00f3n de Ken Cloke que se realizar\u00e1 pr\u00f3ximamente brindar\u00e1 a las personas las habilidades y la confianza para entablar estas conversaciones, ser productivos y no causar da\u00f1o. Y la conversaci\u00f3n de la tarde es una oportunidad para que las personas practiquen c\u00f3mo hablar sobre estos desaf\u00edos entre s\u00ed\u201d.<\/p>\n<p>Lee descubri\u00f3 Cloke despu\u00e9s de asistir a una de sus sesiones de entrenamiento previas al COVID en 2019.<\/p>\n<p>\u201cEs una persona muy respetada y reconocida en su campo\u201d, dijo. \u201cMe enter\u00e9 de que vendr\u00eda a la\u00a0<a href=\"https:\/\/uccr.net\/\" target=\"_blank\" rel=\"noopener\">Consejo de Resoluci\u00f3n de Conflictos de Utah<\/a>\u00a0\u201cEl 17 de mayo ser\u00e1 el orador principal del simposio, por lo que pens\u00e9 que ser\u00eda una gran oportunidad traerlo a Park City el d\u00eda anterior\u201d.<\/p>\n<p>Campbell dijo que aprender a estar en desacuerdo con los dem\u00e1s y a\u00fan as\u00ed mantener la conexi\u00f3n es \u201cpoderoso y m\u00e1gico\u201d.<\/p>\n<p>\u201cEs (incre\u00edble) estar en un espacio donde puedes hablar con firmeza sobre cosas con las que no est\u00e1s de acuerdo de una manera que te ayuda a sentirte escuchado y ayuda a otras personas a sentirse escuchadas y llegar a un punto de mayor comprensi\u00f3n\u201d, dijo. \u201cHay una manera de estar en desacuerdo y defender firmemente tus propias opiniones sin necesidad de atacar y denigrar a la otra persona. Cuando puedes tener ese respeto mutuo, es muy gratificante participar en la conversaci\u00f3n\u201d.<\/p>\n<p><strong>Programaci\u00f3n de &#039;De la controversia a la conversaci\u00f3n&#039;\u00a0<\/strong><\/p>\n<ul>\n<li>9:45 \u2014 Check-in y caf\u00e9<\/li>\n<li>10 am \u2014 Comienza la capacitaci\u00f3n de facilitadores con Ken Cloke<\/li>\n<li>Mediod\u00eda - Almuerzo<\/li>\n<li><strong>12:45 pm \u2014 Registro de participantes por la tarde<\/strong><\/li>\n<li>13 h \u2014 \u201c\u00bfQu\u00e9 es un di\u00e1logo facilitado?\u201d, por Ken Cloke<\/li>\n<li>13:30 horas \u2014 Comienzan las conversaciones dirigidas por los facilitadores<\/li>\n<li>15:00 horas: di\u00e1logos informativos dirigidos por Ken Cloke<\/li>\n<li>16:00 h \u2014 Finaliza el evento<\/li>\n<\/ul>\n<p>&#8212;<\/p>\n<p><a href=\"https:\/\/www.parkrecord.com\/entertainment\/workshop-moves-from-contention-to-conversation\/\">haga clic aqu\u00ed<\/a> Para leer este art\u00edculo en el sitio web de Park Record<\/p>","protected":false},"excerpt":{"rendered":"<p>El reconocido autor Ken Cloke ser\u00e1 el moderador. Art\u00edculo de Scott Iwasaki para Park Record (10 de mayo de 2024) La necesidad de un discurso civilizado aumenta en tiempos de divisi\u00f3n, como lo que est\u00e1 sucediendo en el pa\u00eds y el mundo hoy en d\u00eda. Y es importante que las personas sepan que a\u00fan pueden ser amigos y parte de una comunidad incluso [\u2026]<\/p>","protected":false},"author":1,"featured_media":8866,"comment_status":"open","ping_status":"open","sticky":false,"template":"","format":"standard","meta":{"footnotes":""},"categories":[58],"tags":[62,59,84],"class_list":["post-9113","post","type-post","status-publish","format-standard","has-post-thumbnail","hentry","category-event-news","tag-community-conversation","tag-conflict-prevention","tag-training"],"yoast_head":"<!-- This site is optimized with the Yoast SEO plugin v23.2 - https:\/\/yoast.com\/wordpress\/plugins\/seo\/ -->\n<title>Workshop moves \u2018From Contention to Conversation\u2019 - Mountain Mediation Center<\/title>\n<meta name=\"description\" content=\"The need for civil discourse rises during times of division, like what is happening in the country and world today.\" \/>\n<meta name=\"robots\" content=\"index, follow, max-snippet:-1, max-image-preview:large, max-video-preview:-1\" \/>\n<link rel=\"canonical\" href=\"https:\/\/mountainmediationcenter.org\/es\/workshop-moves-from-contention-to-conversation\/\" \/>\n<meta property=\"og:locale\" content=\"es_ES\" \/>\n<meta property=\"og:type\" content=\"article\" \/>\n<meta property=\"og:title\" content=\"Workshop moves \u2018From Contention to Conversation\u2019 - Mountain Mediation Center\" \/>\n<meta property=\"og:description\" content=\"The need for civil discourse rises during times of division, like what is happening in the country and world today.\" \/>\n<meta property=\"og:url\" content=\"https:\/\/mountainmediationcenter.org\/es\/workshop-moves-from-contention-to-conversation\/\" \/>\n<meta property=\"og:site_name\" content=\"Mountain Mediation Center\" \/>\n<meta property=\"article:published_time\" content=\"2024-05-10T09:35:25+00:00\" \/>\n<meta property=\"article:modified_time\" content=\"2024-06-13T00:44:52+00:00\" \/>\n<meta property=\"og:image\" content=\"https:\/\/mountainmediationcenter.org\/wp-content\/uploads\/2024\/04\/LT-Header-2.png\" \/>\n\t<meta property=\"og:image:width\" content=\"1920\" \/>\n\t<meta property=\"og:image:height\" content=\"1080\" \/>\n\t<meta property=\"og:image:type\" content=\"image\/png\" \/>\n<meta name=\"author\" content=\"Mountain Mediation\" \/>\n<meta name=\"twitter:card\" content=\"summary_large_image\" \/>\n<meta name=\"twitter:label1\" content=\"Escrito por\" \/>\n\t<meta name=\"twitter:data1\" content=\"Mountain Mediation\" \/>\n\t<meta name=\"twitter:label2\" content=\"Tiempo de lectura\" \/>\n\t<meta name=\"twitter:data2\" content=\"4 minutos\" \/>\n<script type=\"application\/ld+json\" class=\"yoast-schema-graph\">{\"@context\":\"https:\/\/schema.org\",\"@graph\":[{\"@type\":\"WebPage\",\"@id\":\"https:\/\/mountainmediationcenter.org\/workshop-moves-from-contention-to-conversation\/\",\"url\":\"https:\/\/mountainmediationcenter.org\/workshop-moves-from-contention-to-conversation\/\",\"name\":\"Workshop moves \u2018From Contention to Conversation\u2019 - Mountain Mediation Center\",\"isPartOf\":{\"@id\":\"https:\/\/mountainmediationcenter.org\/#website\"},\"primaryImageOfPage\":{\"@id\":\"https:\/\/mountainmediationcenter.org\/workshop-moves-from-contention-to-conversation\/#primaryimage\"},\"image\":{\"@id\":\"https:\/\/mountainmediationcenter.org\/workshop-moves-from-contention-to-conversation\/#primaryimage\"},\"thumbnailUrl\":\"https:\/\/mountainmediationcenter.org\/wp-content\/uploads\/2024\/04\/LT-Header-2.png\",\"datePublished\":\"2024-05-10T09:35:25+00:00\",\"dateModified\":\"2024-06-13T00:44:52+00:00\",\"author\":{\"@id\":\"https:\/\/mountainmediationcenter.org\/#\/schema\/person\/4e946ed4b027d3c156b958c66d6bb474\"},\"description\":\"The need for civil discourse rises during times of division, like what is happening in the country and world today.\",\"breadcrumb\":{\"@id\":\"https:\/\/mountainmediationcenter.org\/workshop-moves-from-contention-to-conversation\/#breadcrumb\"},\"inLanguage\":\"es\",\"potentialAction\":[{\"@type\":\"ReadAction\",\"target\":[\"https:\/\/mountainmediationcenter.org\/workshop-moves-from-contention-to-conversation\/\"]}]},{\"@type\":\"ImageObject\",\"inLanguage\":\"es\",\"@id\":\"https:\/\/mountainmediationcenter.org\/workshop-moves-from-contention-to-conversation\/#primaryimage\",\"url\":\"https:\/\/mountainmediationcenter.org\/wp-content\/uploads\/2024\/04\/LT-Header-2.png\",\"contentUrl\":\"https:\/\/mountainmediationcenter.org\/wp-content\/uploads\/2024\/04\/LT-Header-2.png\",\"width\":1920,\"height\":1080},{\"@type\":\"BreadcrumbList\",\"@id\":\"https:\/\/mountainmediationcenter.org\/workshop-moves-from-contention-to-conversation\/#breadcrumb\",\"itemListElement\":[{\"@type\":\"ListItem\",\"position\":1,\"name\":\"Home\",\"item\":\"https:\/\/mountainmediationcenter.org\/\"},{\"@type\":\"ListItem\",\"position\":2,\"name\":\"Workshop moves \u2018From Contention to Conversation\u2019\"}]},{\"@type\":\"WebSite\",\"@id\":\"https:\/\/mountainmediationcenter.org\/#website\",\"url\":\"https:\/\/mountainmediationcenter.org\/\",\"name\":\"Mountain Mediation Center\",\"description\":\"Bringing people together to prevent conflict, resolve disputes, and build a more inclusive community.\",\"potentialAction\":[{\"@type\":\"SearchAction\",\"target\":{\"@type\":\"EntryPoint\",\"urlTemplate\":\"https:\/\/mountainmediationcenter.org\/?s={search_term_string}\"},\"query-input\":\"required name=search_term_string\"}],\"inLanguage\":\"es\"},{\"@type\":\"Person\",\"@id\":\"https:\/\/mountainmediationcenter.org\/#\/schema\/person\/4e946ed4b027d3c156b958c66d6bb474\",\"name\":\"Mountain Mediation\",\"image\":{\"@type\":\"ImageObject\",\"inLanguage\":\"es\",\"@id\":\"https:\/\/mountainmediationcenter.org\/#\/schema\/person\/image\/\",\"url\":\"https:\/\/secure.gravatar.com\/avatar\/61bf3077f93aadc68e34bb1066cdce1e88e17a6654fde8264a06a50b63d46e75?s=96&d=mm&r=g\",\"contentUrl\":\"https:\/\/secure.gravatar.com\/avatar\/61bf3077f93aadc68e34bb1066cdce1e88e17a6654fde8264a06a50b63d46e75?s=96&d=mm&r=g\",\"caption\":\"Mountain Mediation\"},\"sameAs\":[\"https:\/\/mountainmediationcenter.org\"],\"url\":\"https:\/\/mountainmediationcenter.org\/es\/author\/infoutahwebdesignpros-com\/\"}]}<\/script>\n<!-- \/ Yoast SEO plugin. -->","yoast_head_json":{"title":"Workshop moves \u2018From Contention to Conversation\u2019 - Mountain Mediation Center","description":"The need for civil discourse rises during times of division, like what is happening in the country and world today.","robots":{"index":"index","follow":"follow","max-snippet":"max-snippet:-1","max-image-preview":"max-image-preview:large","max-video-preview":"max-video-preview:-1"},"canonical":"https:\/\/mountainmediationcenter.org\/es\/workshop-moves-from-contention-to-conversation\/","og_locale":"es_ES","og_type":"article","og_title":"Workshop moves \u2018From Contention to Conversation\u2019 - Mountain Mediation Center","og_description":"The need for civil discourse rises during times of division, like what is happening in the country and world today.","og_url":"https:\/\/mountainmediationcenter.org\/es\/workshop-moves-from-contention-to-conversation\/","og_site_name":"Mountain Mediation Center","article_published_time":"2024-05-10T09:35:25+00:00","article_modified_time":"2024-06-13T00:44:52+00:00","og_image":[{"width":1920,"height":1080,"url":"https:\/\/mountainmediationcenter.org\/wp-content\/uploads\/2024\/04\/LT-Header-2.png","type":"image\/png"}],"author":"Mountain Mediation","twitter_card":"summary_large_image","twitter_misc":{"Escrito por":"Mountain Mediation","Tiempo de lectura":"4 minutos"},"schema":{"@context":"https:\/\/schema.org","@graph":[{"@type":"WebPage","@id":"https:\/\/mountainmediationcenter.org\/workshop-moves-from-contention-to-conversation\/","url":"https:\/\/mountainmediationcenter.org\/workshop-moves-from-contention-to-conversation\/","name":"Workshop moves \u2018From Contention to Conversation\u2019 - Mountain Mediation Center","isPartOf":{"@id":"https:\/\/mountainmediationcenter.org\/#website"},"primaryImageOfPage":{"@id":"https:\/\/mountainmediationcenter.org\/workshop-moves-from-contention-to-conversation\/#primaryimage"},"image":{"@id":"https:\/\/mountainmediationcenter.org\/workshop-moves-from-contention-to-conversation\/#primaryimage"},"thumbnailUrl":"https:\/\/mountainmediationcenter.org\/wp-content\/uploads\/2024\/04\/LT-Header-2.png","datePublished":"2024-05-10T09:35:25+00:00","dateModified":"2024-06-13T00:44:52+00:00","author":{"@id":"https:\/\/mountainmediationcenter.org\/#\/schema\/person\/4e946ed4b027d3c156b958c66d6bb474"},"description":"The need for civil discourse rises during times of division, like what is happening in the country and world today.","breadcrumb":{"@id":"https:\/\/mountainmediationcenter.org\/workshop-moves-from-contention-to-conversation\/#breadcrumb"},"inLanguage":"es","potentialAction":[{"@type":"ReadAction","target":["https:\/\/mountainmediationcenter.org\/workshop-moves-from-contention-to-conversation\/"]}]},{"@type":"ImageObject","inLanguage":"es","@id":"https:\/\/mountainmediationcenter.org\/workshop-moves-from-contention-to-conversation\/#primaryimage","url":"https:\/\/mountainmediationcenter.org\/wp-content\/uploads\/2024\/04\/LT-Header-2.png","contentUrl":"https:\/\/mountainmediationcenter.org\/wp-content\/uploads\/2024\/04\/LT-Header-2.png","width":1920,"height":1080},{"@type":"BreadcrumbList","@id":"https:\/\/mountainmediationcenter.org\/workshop-moves-from-contention-to-conversation\/#breadcrumb","itemListElement":[{"@type":"ListItem","position":1,"name":"Home","item":"https:\/\/mountainmediationcenter.org\/"},{"@type":"ListItem","position":2,"name":"Workshop moves \u2018From Contention to Conversation\u2019"}]},{"@type":"WebSite","@id":"https:\/\/mountainmediationcenter.org\/#website","url":"https:\/\/mountainmediationcenter.org\/","name":"Mountain Mediation Center","description":"Bringing people together to prevent conflict, resolve disputes, and build a more inclusive community.","potentialAction":[{"@type":"SearchAction","target":{"@type":"EntryPoint","urlTemplate":"https:\/\/mountainmediationcenter.org\/?s={search_term_string}"},"query-input":"required name=search_term_string"}],"inLanguage":"es"},{"@type":"Person","@id":"https:\/\/mountainmediationcenter.org\/#\/schema\/person\/4e946ed4b027d3c156b958c66d6bb474","name":"Mountain Mediation","image":{"@type":"ImageObject","inLanguage":"es","@id":"https:\/\/mountainmediationcenter.org\/#\/schema\/person\/image\/","url":"https:\/\/secure.gravatar.com\/avatar\/61bf3077f93aadc68e34bb1066cdce1e88e17a6654fde8264a06a50b63d46e75?s=96&d=mm&r=g","contentUrl":"https:\/\/secure.gravatar.com\/avatar\/61bf3077f93aadc68e34bb1066cdce1e88e17a6654fde8264a06a50b63d46e75?s=96&d=mm&r=g","caption":"Mountain Mediation"},"sameAs":["https:\/\/mountainmediationcenter.org"],"url":"https:\/\/mountainmediationcenter.org\/es\/author\/infoutahwebdesignpros-com\/"}]}},"_links":{"self":[{"href":"https:\/\/mountainmediationcenter.org\/es\/wp-json\/wp\/v2\/posts\/9113","targetHints":{"allow":["GET"]}}],"collection":[{"href":"https:\/\/mountainmediationcenter.org\/es\/wp-json\/wp\/v2\/posts"}],"about":[{"href":"https:\/\/mountainmediationcenter.org\/es\/wp-json\/wp\/v2\/types\/post"}],"author":[{"embeddable":true,"href":"https:\/\/mountainmediationcenter.org\/es\/wp-json\/wp\/v2\/users\/1"}],"replies":[{"embeddable":true,"href":"https:\/\/mountainmediationcenter.org\/es\/wp-json\/wp\/v2\/comments?post=9113"}],"version-history":[{"count":1,"href":"https:\/\/mountainmediationcenter.org\/es\/wp-json\/wp\/v2\/posts\/9113\/revisions"}],"predecessor-version":[{"id":9114,"href":"https:\/\/mountainmediationcenter.org\/es\/wp-json\/wp\/v2\/posts\/9113\/revisions\/9114"}],"wp:featuredmedia":[{"embeddable":true,"href":"https:\/\/mountainmediationcenter.org\/es\/wp-json\/wp\/v2\/media\/8866"}],"wp:attachment":[{"href":"https:\/\/mountainmediationcenter.org\/es\/wp-json\/wp\/v2\/media?parent=9113"}],"wp:term":[{"taxonomy":"category","embeddable":true,"href":"https:\/\/mountainmediationcenter.org\/es\/wp-json\/wp\/v2\/categories?post=9113"},{"taxonomy":"post_tag","embeddable":true,"href":"https:\/\/mountainmediationcenter.org\/es\/wp-json\/wp\/v2\/tags?post=9113"}],"curies":[{"name":"wp","href":"https:\/\/api.w.org\/{rel}","templated":true}]}}