{"id":9161,"date":"2023-04-23T05:55:51","date_gmt":"2023-04-23T05:55:51","guid":{"rendered":"https:\/\/mountainmediationcenter.org\/?p=9161"},"modified":"2024-06-13T06:09:30","modified_gmt":"2024-06-13T06:09:30","slug":"mountain-mediation-center-welcomes-a-stranger-at-the-gate","status":"publish","type":"post","link":"https:\/\/mountainmediationcenter.org\/es\/mountain-mediation-center-welcomes-a-stranger-at-the-gate\/","title":{"rendered":"El Centro de Mediaci\u00f3n de Cine y Monta\u00f1a de Park City da la bienvenida a un &quot;extra\u00f1o en la puerta&quot;"},"content":{"rendered":"<h4>Despu\u00e9s de la proyecci\u00f3n gratuita habr\u00e1 preguntas y respuestas y debates en grupo.<\/h4>\n<p>Art\u00edculo de Scott Iwasaki para el <a href=\"https:\/\/www.parkrecord.com\/\" target=\"_blank\" rel=\"noopener\">R\u00e9cord del parque<\/a> (23 de abril de 2023)<\/p>\n<div id=\"article-meta\">\n<div class=\"col-auto\">El cortometraje documental de Joshua Seftel, \u201cStranger at the Gate\u201d, trata sobre lo que sucedi\u00f3 despu\u00e9s de que el infante de marina estadounidense Richard \u201cMac\u201d McKinney, que planeaba bombardear una mezquita en un peque\u00f1o pueblo de Indiana, se encontrara con las personas a las que quer\u00eda matar. La pel\u00edcula, que ser\u00e1 proyectada por Park City Film en colaboraci\u00f3n con Mountain Mediation Center el 27 de abril, trata sobre el impacto que estas personas tuvieron en McKinney.<a href=\"https:\/\/parkcityfilm.org\/\" target=\"_blank\" rel=\"noopener\">Cine de Park City<\/a>\u00a0y\u00a0<a href=\"https:\/\/mountainmediationcenter.org\/es\/\" target=\"_blank\" rel=\"noopener\">Centro de Mediaci\u00f3n de Monta\u00f1a<\/a>\u00a0Analizar\u00e1n en profundidad el odio cuando las dos organizaciones sin fines de lucro se asocien para una proyecci\u00f3n gratuita del cortometraje documental de Joshual Seftel\u00a0<a href=\"https:\/\/youtu.be\/rhoZtObnfNk\" target=\"_blank\" rel=\"noopener\">\u201cExtra\u00f1o en la puerta.\u201d<\/a><\/p>\n<p>La pel\u00edcula, cuyo estreno est\u00e1 previsto para las 7 de la tarde del jueves 27 de abril en el Auditorio Jim Santy de la Biblioteca de Park City, 1255 Park Ave., trata de lo que ocurri\u00f3 despu\u00e9s de que el marine estadounidense Richard &quot;Mac&quot; McKinney, que planeaba bombardear una mezquita en Indiana, se encontrara con las personas que quer\u00eda matar, dijo la directora ejecutiva de Park City Film, Katharine Wang.<\/p>\n<p>\u201cVi la pel\u00edcula en el\u00a0<a href=\"https:\/\/www.mountainfilm.org\/\" target=\"_blank\" rel=\"noopener\">Festival de Cine de Monta\u00f1a<\/a>\u00a0\u201cEn Telluride, como parte de una colecci\u00f3n de cortos, me qued\u00e9 completamente impresionada\u201d, dijo. \u201cMac estaba all\u00ed y yo estaba esperando el final para poder hablar con \u00e9l\u201d.<\/p>\n<hr \/>\n<p>La transformaci\u00f3n de McKinney en la pel\u00edcula impresion\u00f3 a Wang, pero su interacci\u00f3n en vivo con \u00e9l fue &quot;incre\u00edble&quot;.<\/p>\n<figure class=\"wp-block-pullquote p402_hide\">\n<blockquote><p>\u201cHay tanta divisi\u00f3n en Estados Unidos hoy en d\u00eda, ya sea pol\u00edtica o socioecon\u00f3mica, y esta es una oportunidad para que todos est\u00e9n en igualdad de condiciones\u201d. Nicole Wozniak, coordinadora de comunicaciones del Mountain Mediation Center<\/p><\/blockquote>\n<\/figure>\n<p>\u201cHab\u00eda algo en la forma en que hablaba sobre c\u00f3mo esta experiencia cambi\u00f3 toda su vida, y lo que eso signific\u00f3 en t\u00e9rminos de c\u00f3mo la humanidad puede avanzar uni\u00e9ndose con personas que aparentemente son tan diferentes de nosotros\u201d, dijo.<\/p>\n<hr \/>\n<p>Despu\u00e9s de que Wang vio la pel\u00edcula nominada al Premio de la Academia, que dura aproximadamente 30 minutos, comenz\u00f3 a pensar en traerla a Park City.<\/p>\n<p>\u201cNo solemos programar cortos, as\u00ed que nos llev\u00f3 un tiempo entender c\u00f3mo funcionar\u00edan las cosas\u201d, dijo.<\/p>\n<div class=\"p402_hide\">\n<figure class=\"wp-block-image size-large\"><figcaption><strong>Bibi Bahrami es miembro de la mezquita de Indiana que el marine estadounidense Richard \u201cMac\u201d McKinney hab\u00eda planeado bombardear. Bahrami fue una de las personas que ayudaron a McKinney a cambiar su actitud, como se documenta en el cortometraje de Joshual Seftel \u201cStranger at the Gates\u201d.<\/strong><\/figcaption><\/figure>\n<\/div>\n<p>Mientras Wang pensaba en la pel\u00edcula, sinti\u00f3 que encajar\u00eda en el programa Raising Voices Series de Park City Film, que muestra y apoya a las comunidades que tradicionalmente est\u00e1n subrepresentadas en las artes.<\/p>\n<p>\u201cAl igual que lo que hacemos en nuestra serie comunitaria Reel, la serie Raising Voices utiliza el cine como catalizador de la conversaci\u00f3n para profundizar en los temas que se muestran en la pantalla\u201d, dijo.<\/p>\n<p>Quienes asisten a las proyecciones de Raising Voices Series generalmente se quedan para una mesa redonda de preguntas y respuestas, pero tambi\u00e9n quieren hablar entre ellos sobre lo que han visto, dijo Wang.<\/p>\n<p>Esto sucedi\u00f3 durante una proyecci\u00f3n previa de la serie Raising Voices, del galardonado documental del Festival de Cine de Sundance de Ried Davenport.\u00a0<a href=\"https:\/\/www.parkrecord.com\/entertainment\/i-didnt-see-you-there-introduces-sundance-film-festival-audiences-to-the-discrimination-people-with-disabilities-face\/\">&quot;No te vi all\u00ed&quot;\u00a0<\/a>Seg\u00fan Wang.<\/p>\n<p>En el caso de \u201cNo te vi all\u00ed\u201d, las discusiones se llevaron a cabo un par de d\u00edas despu\u00e9s de la proyecci\u00f3n, porque la pel\u00edcula es un documental de larga duraci\u00f3n, dijo Wang.<\/p>\n<p>\u201cEntonces, con \u2018Stranger at the Gate\u2019, pensamos: \u00bfqu\u00e9 pasar\u00eda si programamos un cortometraje esta vez y hacemos todo la misma noche?\u201d, dijo.<\/p>\n<p>Nicole Wozniak, coordinadora de comunicaciones del Mountain Mediation Center, dijo que su organizaci\u00f3n sin fines de lucro y Park City Film no solo facilitar\u00e1n una sesi\u00f3n de preguntas y respuestas por Zoom con el director y protagonista de la pel\u00edcula, Richard &quot;Mac&quot; McKinney, sino que tambi\u00e9n organizar\u00e1n conversaciones en grupos peque\u00f1os despu\u00e9s y se servir\u00e1n refrigerios a los participantes.<\/p>\n<p>\u201cMMC facilitar\u00e1 preguntas\u2026 donde los participantes tendr\u00e1n la oportunidad de compartir sus opiniones sobre la pel\u00edcula\u201d, dijo. \u201cLa gente tambi\u00e9n podr\u00e1 escuchar a los miembros de su comunidad y comprender m\u00e1s profundamente nuestra comunidad y el cine en su conjunto\u201d.<\/p>\n<p>Los debates se llevar\u00e1n a cabo en un entorno seguro y respetuoso en el Auditorio Santy, donde los participantes podr\u00e1n ser \u201crealmente escuchados\u201d, dijo Wozniak.<\/p>\n<p>\u201cEn Estados Unidos hay mucha divisi\u00f3n hoy en d\u00eda, ya sea pol\u00edtica o socioecon\u00f3mica, y esta es una oportunidad para que todos est\u00e9n en igualdad de condiciones, para tener un minuto para compartir sus pensamientos sobre temas sobre los que tal vez no tengan la oportunidad de hablar libremente en sus entornos personales\u201d, dijo. \u201cEste ser\u00e1 un lugar para que tambi\u00e9n escuchen a miembros de la comunidad con quienes tal vez no est\u00e9n de acuerdo y se relacionen con ellos, que es algo que no creo que suceda mucho en estos tiempos\u201d.<\/p>\n<div class=\"p402_hide\">\n<figure class=\"wp-block-image size-large\"><figcaption><strong>El director Joshua Seftel, arriba, se unir\u00e1 a una sesi\u00f3n de preguntas y respuestas v\u00eda Zoom con el infante de marina estadounidense Richard &quot;Mac&quot; McKinney, despu\u00e9s de una proyecci\u00f3n gratuita de su cortometraje documental &quot;Stranger at the Gates&quot;, presentado por Park City Film y Mountain Mediation Center el jueves en el Auditorio Jim Santy.<\/strong><\/figcaption><\/figure>\n<\/div>\n<p>Estos debates se alinean con la misi\u00f3n del Centro de Mediaci\u00f3n de Monta\u00f1a, que re\u00fane a \u201clas personas para prevenir conflictos, resolver disputas y construir una comunidad m\u00e1s inclusiva\u201d, seg\u00fan Wozniak.<\/p>\n<p>\u201cEsta pel\u00edcula aborda directamente el conflicto y su resoluci\u00f3n, algo que no se aborda pero que despierta sentimientos muy fuertes en la gente\u201d, afirm\u00f3. \u201cPor eso, estoy emocionada por ver qu\u00e9 aportar\u00e1 la gente en estos pr\u00f3ximos debates\u201d.<\/p>\n<p>Programar un cortometraje y organizar estas conversaciones en peque\u00f1os grupos durante la misma noche es \u201calgo as\u00ed como un experimento\u201d, dijo Wang.<\/p>\n<p>\u201cCuando creamos la serie Raising Voice, esper\u00e1bamos tener estas conversaciones ampliadas para profundizar un poco m\u00e1s en conversaciones que pueden abarcar desde discapacidades hasta la superaci\u00f3n del odio\u201d, dijo. \u201cSi este formato tiene \u00e9xito, queremos seguir us\u00e1ndolo. Nos encantar\u00eda hacer m\u00e1s cosas como esta\u201d.<\/p>\n<p>&#8212;<\/p>\n<p><a href=\"https:\/\/www.parkrecord.com\/entertainment\/park-city-film-and-mountain-mediation-center-welcome-a-stranger-at-the-gate\/\" target=\"_blank\" rel=\"noopener\">haga clic aqu\u00ed<\/a> Para leer este art\u00edculo en el sitio web de Park Record<\/p>\n<\/div>\n<\/div>","protected":false},"excerpt":{"rendered":"<p>Habr\u00e1 preguntas y respuestas y debates en grupo despu\u00e9s de la proyecci\u00f3n gratuita Art\u00edculo de Scott Iwasaki para Park Record (23 de abril de 2023) El cortometraje documental de Joshua Seftel, &quot;Stranger at the Gate&quot;, trata sobre lo que sucedi\u00f3 despu\u00e9s de que el infante de marina estadounidense Richard &quot;Mac&quot; McKinney, que planeaba bombardear una mezquita en un peque\u00f1o pueblo de Indiana, conoci\u00f3 a las personas que [\u2026]<\/p>","protected":false},"author":1,"featured_media":0,"comment_status":"open","ping_status":"open","sticky":false,"template":"","format":"standard","meta":{"footnotes":""},"categories":[58],"tags":[62,89,71],"class_list":["post-9161","post","type-post","status-publish","format-standard","hentry","category-event-news","tag-community-conversation","tag-film","tag-inclusive-community"],"yoast_head":"<!-- This site is optimized with the Yoast SEO plugin v23.2 - https:\/\/yoast.com\/wordpress\/plugins\/seo\/ -->\n<title>Park City Film and Mountain Mediation Center welcome a \u2018Stranger at the Gate\u2019 - Mountain Mediation Center<\/title>\n<meta name=\"description\" content=\"Mountain Mediation Center takes a close look at hate during a free screening of the short documentary\u00a0\u201cStranger at the Gate.\u201d\" \/>\n<meta name=\"robots\" content=\"index, follow, max-snippet:-1, max-image-preview:large, max-video-preview:-1\" \/>\n<link rel=\"canonical\" href=\"https:\/\/mountainmediationcenter.org\/es\/mountain-mediation-center-welcomes-a-stranger-at-the-gate\/\" \/>\n<meta property=\"og:locale\" content=\"es_ES\" \/>\n<meta property=\"og:type\" content=\"article\" \/>\n<meta property=\"og:title\" content=\"Park City Film and Mountain Mediation Center welcome a \u2018Stranger at the Gate\u2019 - Mountain Mediation Center\" \/>\n<meta property=\"og:description\" content=\"Mountain Mediation Center takes a close look at hate during a free screening of the short documentary\u00a0\u201cStranger at the Gate.\u201d\" \/>\n<meta property=\"og:url\" content=\"https:\/\/mountainmediationcenter.org\/es\/mountain-mediation-center-welcomes-a-stranger-at-the-gate\/\" \/>\n<meta property=\"og:site_name\" content=\"Mountain Mediation Center\" \/>\n<meta property=\"article:published_time\" content=\"2023-04-23T05:55:51+00:00\" \/>\n<meta property=\"article:modified_time\" content=\"2024-06-13T06:09:30+00:00\" \/>\n<meta name=\"author\" content=\"Mountain Mediation\" \/>\n<meta name=\"twitter:card\" content=\"summary_large_image\" \/>\n<meta name=\"twitter:label1\" content=\"Escrito por\" \/>\n\t<meta name=\"twitter:data1\" content=\"Mountain Mediation\" \/>\n\t<meta name=\"twitter:label2\" content=\"Tiempo de lectura\" \/>\n\t<meta name=\"twitter:data2\" content=\"5 minutos\" \/>\n<script type=\"application\/ld+json\" class=\"yoast-schema-graph\">{\"@context\":\"https:\/\/schema.org\",\"@graph\":[{\"@type\":\"WebPage\",\"@id\":\"https:\/\/mountainmediationcenter.org\/mountain-mediation-center-welcomes-a-stranger-at-the-gate\/\",\"url\":\"https:\/\/mountainmediationcenter.org\/mountain-mediation-center-welcomes-a-stranger-at-the-gate\/\",\"name\":\"Park City Film and Mountain Mediation Center welcome a \u2018Stranger at the Gate\u2019 - Mountain Mediation Center\",\"isPartOf\":{\"@id\":\"https:\/\/mountainmediationcenter.org\/#website\"},\"datePublished\":\"2023-04-23T05:55:51+00:00\",\"dateModified\":\"2024-06-13T06:09:30+00:00\",\"author\":{\"@id\":\"https:\/\/mountainmediationcenter.org\/#\/schema\/person\/4e946ed4b027d3c156b958c66d6bb474\"},\"description\":\"Mountain Mediation Center takes a close look at hate during a free screening of the short documentary\u00a0\u201cStranger at the Gate.\u201d\",\"breadcrumb\":{\"@id\":\"https:\/\/mountainmediationcenter.org\/mountain-mediation-center-welcomes-a-stranger-at-the-gate\/#breadcrumb\"},\"inLanguage\":\"es\",\"potentialAction\":[{\"@type\":\"ReadAction\",\"target\":[\"https:\/\/mountainmediationcenter.org\/mountain-mediation-center-welcomes-a-stranger-at-the-gate\/\"]}]},{\"@type\":\"BreadcrumbList\",\"@id\":\"https:\/\/mountainmediationcenter.org\/mountain-mediation-center-welcomes-a-stranger-at-the-gate\/#breadcrumb\",\"itemListElement\":[{\"@type\":\"ListItem\",\"position\":1,\"name\":\"Home\",\"item\":\"https:\/\/mountainmediationcenter.org\/\"},{\"@type\":\"ListItem\",\"position\":2,\"name\":\"Park City Film and Mountain Mediation Center welcome a \u2018Stranger at the Gate\u2019\"}]},{\"@type\":\"WebSite\",\"@id\":\"https:\/\/mountainmediationcenter.org\/#website\",\"url\":\"https:\/\/mountainmediationcenter.org\/\",\"name\":\"Mountain Mediation Center\",\"description\":\"Bringing people together to prevent conflict, resolve disputes, and build a more inclusive community.\",\"potentialAction\":[{\"@type\":\"SearchAction\",\"target\":{\"@type\":\"EntryPoint\",\"urlTemplate\":\"https:\/\/mountainmediationcenter.org\/?s={search_term_string}\"},\"query-input\":\"required name=search_term_string\"}],\"inLanguage\":\"es\"},{\"@type\":\"Person\",\"@id\":\"https:\/\/mountainmediationcenter.org\/#\/schema\/person\/4e946ed4b027d3c156b958c66d6bb474\",\"name\":\"Mountain Mediation\",\"image\":{\"@type\":\"ImageObject\",\"inLanguage\":\"es\",\"@id\":\"https:\/\/mountainmediationcenter.org\/#\/schema\/person\/image\/\",\"url\":\"https:\/\/secure.gravatar.com\/avatar\/61bf3077f93aadc68e34bb1066cdce1e88e17a6654fde8264a06a50b63d46e75?s=96&d=mm&r=g\",\"contentUrl\":\"https:\/\/secure.gravatar.com\/avatar\/61bf3077f93aadc68e34bb1066cdce1e88e17a6654fde8264a06a50b63d46e75?s=96&d=mm&r=g\",\"caption\":\"Mountain Mediation\"},\"sameAs\":[\"https:\/\/mountainmediationcenter.org\"],\"url\":\"https:\/\/mountainmediationcenter.org\/es\/author\/infoutahwebdesignpros-com\/\"}]}<\/script>\n<!-- \/ Yoast SEO plugin. -->","yoast_head_json":{"title":"Park City Film and Mountain Mediation Center welcome a \u2018Stranger at the Gate\u2019 - Mountain Mediation Center","description":"Mountain Mediation Center takes a close look at hate during a free screening of the short documentary\u00a0\u201cStranger at the Gate.\u201d","robots":{"index":"index","follow":"follow","max-snippet":"max-snippet:-1","max-image-preview":"max-image-preview:large","max-video-preview":"max-video-preview:-1"},"canonical":"https:\/\/mountainmediationcenter.org\/es\/mountain-mediation-center-welcomes-a-stranger-at-the-gate\/","og_locale":"es_ES","og_type":"article","og_title":"Park City Film and Mountain Mediation Center welcome a \u2018Stranger at the Gate\u2019 - Mountain Mediation Center","og_description":"Mountain Mediation Center takes a close look at hate during a free screening of the short documentary\u00a0\u201cStranger at the Gate.\u201d","og_url":"https:\/\/mountainmediationcenter.org\/es\/mountain-mediation-center-welcomes-a-stranger-at-the-gate\/","og_site_name":"Mountain Mediation Center","article_published_time":"2023-04-23T05:55:51+00:00","article_modified_time":"2024-06-13T06:09:30+00:00","author":"Mountain Mediation","twitter_card":"summary_large_image","twitter_misc":{"Escrito por":"Mountain Mediation","Tiempo de lectura":"5 minutos"},"schema":{"@context":"https:\/\/schema.org","@graph":[{"@type":"WebPage","@id":"https:\/\/mountainmediationcenter.org\/mountain-mediation-center-welcomes-a-stranger-at-the-gate\/","url":"https:\/\/mountainmediationcenter.org\/mountain-mediation-center-welcomes-a-stranger-at-the-gate\/","name":"Park City Film and Mountain Mediation Center welcome a \u2018Stranger at the Gate\u2019 - Mountain Mediation Center","isPartOf":{"@id":"https:\/\/mountainmediationcenter.org\/#website"},"datePublished":"2023-04-23T05:55:51+00:00","dateModified":"2024-06-13T06:09:30+00:00","author":{"@id":"https:\/\/mountainmediationcenter.org\/#\/schema\/person\/4e946ed4b027d3c156b958c66d6bb474"},"description":"Mountain Mediation Center takes a close look at hate during a free screening of the short documentary\u00a0\u201cStranger at the Gate.\u201d","breadcrumb":{"@id":"https:\/\/mountainmediationcenter.org\/mountain-mediation-center-welcomes-a-stranger-at-the-gate\/#breadcrumb"},"inLanguage":"es","potentialAction":[{"@type":"ReadAction","target":["https:\/\/mountainmediationcenter.org\/mountain-mediation-center-welcomes-a-stranger-at-the-gate\/"]}]},{"@type":"BreadcrumbList","@id":"https:\/\/mountainmediationcenter.org\/mountain-mediation-center-welcomes-a-stranger-at-the-gate\/#breadcrumb","itemListElement":[{"@type":"ListItem","position":1,"name":"Home","item":"https:\/\/mountainmediationcenter.org\/"},{"@type":"ListItem","position":2,"name":"Park City Film and Mountain Mediation Center welcome a \u2018Stranger at the Gate\u2019"}]},{"@type":"WebSite","@id":"https:\/\/mountainmediationcenter.org\/#website","url":"https:\/\/mountainmediationcenter.org\/","name":"Mountain Mediation Center","description":"Bringing people together to prevent conflict, resolve disputes, and build a more inclusive community.","potentialAction":[{"@type":"SearchAction","target":{"@type":"EntryPoint","urlTemplate":"https:\/\/mountainmediationcenter.org\/?s={search_term_string}"},"query-input":"required name=search_term_string"}],"inLanguage":"es"},{"@type":"Person","@id":"https:\/\/mountainmediationcenter.org\/#\/schema\/person\/4e946ed4b027d3c156b958c66d6bb474","name":"Mountain Mediation","image":{"@type":"ImageObject","inLanguage":"es","@id":"https:\/\/mountainmediationcenter.org\/#\/schema\/person\/image\/","url":"https:\/\/secure.gravatar.com\/avatar\/61bf3077f93aadc68e34bb1066cdce1e88e17a6654fde8264a06a50b63d46e75?s=96&d=mm&r=g","contentUrl":"https:\/\/secure.gravatar.com\/avatar\/61bf3077f93aadc68e34bb1066cdce1e88e17a6654fde8264a06a50b63d46e75?s=96&d=mm&r=g","caption":"Mountain Mediation"},"sameAs":["https:\/\/mountainmediationcenter.org"],"url":"https:\/\/mountainmediationcenter.org\/es\/author\/infoutahwebdesignpros-com\/"}]}},"_links":{"self":[{"href":"https:\/\/mountainmediationcenter.org\/es\/wp-json\/wp\/v2\/posts\/9161","targetHints":{"allow":["GET"]}}],"collection":[{"href":"https:\/\/mountainmediationcenter.org\/es\/wp-json\/wp\/v2\/posts"}],"about":[{"href":"https:\/\/mountainmediationcenter.org\/es\/wp-json\/wp\/v2\/types\/post"}],"author":[{"embeddable":true,"href":"https:\/\/mountainmediationcenter.org\/es\/wp-json\/wp\/v2\/users\/1"}],"replies":[{"embeddable":true,"href":"https:\/\/mountainmediationcenter.org\/es\/wp-json\/wp\/v2\/comments?post=9161"}],"version-history":[{"count":1,"href":"https:\/\/mountainmediationcenter.org\/es\/wp-json\/wp\/v2\/posts\/9161\/revisions"}],"predecessor-version":[{"id":9162,"href":"https:\/\/mountainmediationcenter.org\/es\/wp-json\/wp\/v2\/posts\/9161\/revisions\/9162"}],"wp:attachment":[{"href":"https:\/\/mountainmediationcenter.org\/es\/wp-json\/wp\/v2\/media?parent=9161"}],"wp:term":[{"taxonomy":"category","embeddable":true,"href":"https:\/\/mountainmediationcenter.org\/es\/wp-json\/wp\/v2\/categories?post=9161"},{"taxonomy":"post_tag","embeddable":true,"href":"https:\/\/mountainmediationcenter.org\/es\/wp-json\/wp\/v2\/tags?post=9161"}],"curies":[{"name":"wp","href":"https:\/\/api.w.org\/{rel}","templated":true}]}}