{"id":9627,"date":"2024-07-12T21:33:41","date_gmt":"2024-07-12T21:33:41","guid":{"rendered":"https:\/\/mountainmediationcenter.org\/?p=9627"},"modified":"2024-07-17T21:43:53","modified_gmt":"2024-07-17T21:43:53","slug":"mountain-mediation-teams-up-for-nurturing-nature","status":"publish","type":"post","link":"https:\/\/mountainmediationcenter.org\/es\/mountain-mediation-teams-up-for-nurturing-nature\/","title":{"rendered":"Swaner y Mountain Mediation se unen para &#039;Nurturing Nature&#039; el 25 de julio"},"content":{"rendered":"<h3>Swaner y Mountain Mediation se unen para &#039;Nurturing Nature&#039; el 25 de julio<\/h3>\n<p>Art\u00edculo de Michele Roepke para <a href=\"https:\/\/townlift.com\/\" target=\"_blank\" rel=\"noopener\">Ascensor de la ciudad<\/a>\u00a0(12 de julio de 2024)<\/p>\n<p>PARK CITY, Utah \u2014\u00a0<a href=\"https:\/\/mountainmediationcenter.org\/es\/?utm_source=townlift.com&amp;utm_medium=referral&amp;utm_campaign=Townlift\" target=\"_blank\" rel=\"noopener\">Centro de Mediaci\u00f3n de Monta\u00f1a para la Justicia Restaurativa (MMC)<\/a>\u00a0y la Extensi\u00f3n de la Universidad Estatal de Utah Park City\u00a0<a href=\"https:\/\/extension.usu.edu\/swaner\/?utm_source=townlift.com&amp;utm_medium=referral&amp;utm_campaign=Townlift\" target=\"_blank\" rel=\"noopener\">Reserva natural y ecocentro Swaner<\/a>\u00a0Presentaremos Nurturing Nature, una charla sobre c\u00f3mo sus creencias, valores, experiencias o religi\u00f3n dan forma a su papel en el cuidado de la naturaleza.<\/p>\n<p>El evento se llevar\u00e1 a cabo el jueves 25 de julio, de 6 a 7:30 p.m., y pretende ser una conversaci\u00f3n comunitaria sobre c\u00f3mo incorporar los valores personales en la gesti\u00f3n ambiental.<\/p>\n<p>Reg\u00edstrese para el evento o haga una donaci\u00f3n a la organizaci\u00f3n sin fines de lucro.\u00a0<a href=\"https:\/\/www.zeffy.com\/en-US\/ticketing\/0dc1a71a-f356-4f46-a4d2-e92469735b23?utm_source=townlift.com&amp;utm_medium=referral&amp;utm_campaign=Townlift\" target=\"_blank\" rel=\"noopener\">aqu\u00ed<\/a>Kris Campbell, directora del programa MMC, le dijo a TownLift: \u201cLes pedimos a las personas que se registren para que podamos planificar adecuadamente. La asistencia al evento es gratuita\u201d.<\/p>\n<p>Durante varios a\u00f1os, MMC ha organizado una serie continua de conversaciones comunitarias biling\u00fces en vivo y virtuales. El objetivo es fomentar nuevas relaciones, compartir perspectivas y construir un sentido m\u00e1s fuerte de comunidad compartida. Las conversaciones comunitarias se basan en c\u00edrculos de construcci\u00f3n de comunidad restaurativa. Los participantes se re\u00fanen en grupos peque\u00f1os, cada uno acompa\u00f1ado por un int\u00e9rprete de espa\u00f1ol. Un voluntario de MMC capacitado en pr\u00e1cticas de justicia restaurativa facilita la discusi\u00f3n, lo que permite que todos escuchen y compartan sus experiencias y perspectivas.<\/p>\n<p>Algunas conversaciones est\u00e1n precedidas por una breve mesa redonda para proporcionar informaci\u00f3n de fondo e investigaciones y datos actuales que ayuden a enmarcar el debate. Sin embargo, en estas conversaciones comunitarias no hay \u201cexpertos\u201d. La experiencia vivida de cada participante tiene el mismo valor y se suma a la riqueza y diversidad del debate.<\/p>\n<p>El C\u00edrculo es una forma fundamental en la pr\u00e1ctica de la justicia restaurativa. Tiene sus ra\u00edces en la antigua tradici\u00f3n de sentarse juntos alrededor del calor y la seguridad de un fuego para compartir comida, historias y disfrutar de la compa\u00f1\u00eda de los dem\u00e1s. \u201cEn la cultura occidental dominante, a menudo nos organizamos en filas, frente al l\u00edder de una reuni\u00f3n, presentaci\u00f3n o clase. El C\u00edrculo, en el que todos se sientan uno frente al otro en una posici\u00f3n de autoridad igualitaria, es por naturaleza m\u00e1s inclusivo y m\u00e1s propicio para la construcci\u00f3n de relaciones\u201d, afirma un comunicado de la MMC.<\/p>\n<p style=\"padding-left: 40px;\"><span style=\"font-style: italic;\">\u201cLos C\u00edrculos de Justicia Restaurativa son espacios altamente estructurados e intencionales en los que las personas comparten sus experiencias, pensamientos y sentimientos\u201d, afirma un comunicado del MMC. \u201cRequieren una escucha activa y promueven el desarrollo de la comprensi\u00f3n y la empat\u00eda con el fin de construir una comunidad, resolver problemas de manera colaborativa, resolver conflictos y reparar da\u00f1os\u201d.<\/span><\/p>\n<p>MMC ofrece sus servicios a personas, organizaciones, escuelas y empresas, principalmente en los condados de Summit y Wasatch. MMC se esfuerza por ser un entorno seguro y sin prejuicios para las personas que atraviesan un conflicto con familiares, amigos, vecinos, compa\u00f1eros de trabajo o dentro de las organizaciones. Ofrecen nuestros servicios a tarifas reducidas para clientes con necesidades financieras.<\/p>\n<p>&#8212;<\/p>\n<p><a href=\"https:\/\/townlift.com\/2024\/07\/swaner-and-mountain-mediation-team-up-for-nurturing-nature-july-25\/?utm_source=townlift.com&amp;utm_medium=referral&amp;utm_campaign=Townlift\" target=\"_blank\" rel=\"noopener\">haga clic aqu\u00ed<\/a> Para leer este art\u00edculo en el sitio web de Town Lift<\/p>","protected":false},"excerpt":{"rendered":"<p>Swaner y Mountain Mediation se unen para &#039;Nurturing Nature&#039; Art\u00edculo del 25 de julio de Michele Roepke para Town Lift (12 de julio de 2024) PARK CITY, Utah \u2014 El Centro de Mediaci\u00f3n de Monta\u00f1a para la Justicia Restaurativa (MMC) y la Reserva Natural y Ecocentro Swaner de Park City de la Extensi\u00f3n de la Universidad Estatal de Utah organizar\u00e1n Nurturing Nature, una charla sobre c\u00f3mo sus creencias, valores, experiencias o religi\u00f3n dan forma [\u2026]<\/p>","protected":false},"author":1,"featured_media":9628,"comment_status":"open","ping_status":"open","sticky":false,"template":"","format":"standard","meta":{"footnotes":""},"categories":[58],"tags":[57,62,74],"class_list":["post-9627","post","type-post","status-publish","format-standard","has-post-thumbnail","hentry","category-event-news","tag-community","tag-community-conversation","tag-swaner"],"yoast_head":"<!-- This site is optimized with the Yoast SEO plugin v23.2 - https:\/\/yoast.com\/wordpress\/plugins\/seo\/ -->\n<title>Swaner and Mountain Mediation team up for \u2018Nurturing Nature\u2019 July 25 - Mountain Mediation Center<\/title>\n<meta name=\"description\" content=\"MMC\u00a0will host Nurturing Nature, a Conversation about how your beliefs, values, experiences, or religion shape your role in caring for nature.\" \/>\n<meta name=\"robots\" content=\"index, follow, max-snippet:-1, max-image-preview:large, max-video-preview:-1\" \/>\n<link rel=\"canonical\" href=\"https:\/\/mountainmediationcenter.org\/es\/mountain-mediation-teams-up-for-nurturing-nature\/\" \/>\n<meta property=\"og:locale\" content=\"es_ES\" \/>\n<meta property=\"og:type\" content=\"article\" \/>\n<meta property=\"og:title\" content=\"Swaner and Mountain Mediation team up for \u2018Nurturing Nature\u2019 July 25 - Mountain Mediation Center\" \/>\n<meta property=\"og:description\" content=\"MMC\u00a0will host Nurturing Nature, a Conversation about how your beliefs, values, experiences, or religion shape your role in caring for nature.\" \/>\n<meta property=\"og:url\" content=\"https:\/\/mountainmediationcenter.org\/es\/mountain-mediation-teams-up-for-nurturing-nature\/\" \/>\n<meta property=\"og:site_name\" content=\"Mountain Mediation Center\" \/>\n<meta property=\"article:published_time\" content=\"2024-07-12T21:33:41+00:00\" \/>\n<meta property=\"article:modified_time\" content=\"2024-07-17T21:43:53+00:00\" \/>\n<meta property=\"og:image\" content=\"https:\/\/mountainmediationcenter.org\/wp-content\/uploads\/2024\/07\/IMG_3651-1200x675-1.jpg\" \/>\n\t<meta property=\"og:image:width\" content=\"1200\" \/>\n\t<meta property=\"og:image:height\" content=\"675\" \/>\n\t<meta property=\"og:image:type\" content=\"image\/jpeg\" \/>\n<meta name=\"author\" content=\"Mountain Mediation\" \/>\n<meta name=\"twitter:card\" content=\"summary_large_image\" \/>\n<meta name=\"twitter:label1\" content=\"Escrito por\" \/>\n\t<meta name=\"twitter:data1\" content=\"Mountain Mediation\" \/>\n\t<meta name=\"twitter:label2\" content=\"Tiempo de lectura\" \/>\n\t<meta name=\"twitter:data2\" content=\"3 minutos\" \/>\n<script type=\"application\/ld+json\" class=\"yoast-schema-graph\">{\"@context\":\"https:\/\/schema.org\",\"@graph\":[{\"@type\":\"WebPage\",\"@id\":\"https:\/\/mountainmediationcenter.org\/mountain-mediation-teams-up-for-nurturing-nature\/\",\"url\":\"https:\/\/mountainmediationcenter.org\/mountain-mediation-teams-up-for-nurturing-nature\/\",\"name\":\"Swaner and Mountain Mediation team up for \u2018Nurturing Nature\u2019 July 25 - Mountain Mediation Center\",\"isPartOf\":{\"@id\":\"https:\/\/mountainmediationcenter.org\/#website\"},\"primaryImageOfPage\":{\"@id\":\"https:\/\/mountainmediationcenter.org\/mountain-mediation-teams-up-for-nurturing-nature\/#primaryimage\"},\"image\":{\"@id\":\"https:\/\/mountainmediationcenter.org\/mountain-mediation-teams-up-for-nurturing-nature\/#primaryimage\"},\"thumbnailUrl\":\"https:\/\/mountainmediationcenter.org\/wp-content\/uploads\/2024\/07\/IMG_3651-1200x675-1.jpg\",\"datePublished\":\"2024-07-12T21:33:41+00:00\",\"dateModified\":\"2024-07-17T21:43:53+00:00\",\"author\":{\"@id\":\"https:\/\/mountainmediationcenter.org\/#\/schema\/person\/4e946ed4b027d3c156b958c66d6bb474\"},\"description\":\"MMC\u00a0will host Nurturing Nature, a Conversation about how your beliefs, values, experiences, or religion shape your role in caring for nature.\",\"breadcrumb\":{\"@id\":\"https:\/\/mountainmediationcenter.org\/mountain-mediation-teams-up-for-nurturing-nature\/#breadcrumb\"},\"inLanguage\":\"es\",\"potentialAction\":[{\"@type\":\"ReadAction\",\"target\":[\"https:\/\/mountainmediationcenter.org\/mountain-mediation-teams-up-for-nurturing-nature\/\"]}]},{\"@type\":\"ImageObject\",\"inLanguage\":\"es\",\"@id\":\"https:\/\/mountainmediationcenter.org\/mountain-mediation-teams-up-for-nurturing-nature\/#primaryimage\",\"url\":\"https:\/\/mountainmediationcenter.org\/wp-content\/uploads\/2024\/07\/IMG_3651-1200x675-1.jpg\",\"contentUrl\":\"https:\/\/mountainmediationcenter.org\/wp-content\/uploads\/2024\/07\/IMG_3651-1200x675-1.jpg\",\"width\":1200,\"height\":675},{\"@type\":\"BreadcrumbList\",\"@id\":\"https:\/\/mountainmediationcenter.org\/mountain-mediation-teams-up-for-nurturing-nature\/#breadcrumb\",\"itemListElement\":[{\"@type\":\"ListItem\",\"position\":1,\"name\":\"Home\",\"item\":\"https:\/\/mountainmediationcenter.org\/\"},{\"@type\":\"ListItem\",\"position\":2,\"name\":\"Swaner and Mountain Mediation team up for \u2018Nurturing Nature\u2019 July 25\"}]},{\"@type\":\"WebSite\",\"@id\":\"https:\/\/mountainmediationcenter.org\/#website\",\"url\":\"https:\/\/mountainmediationcenter.org\/\",\"name\":\"Mountain Mediation Center\",\"description\":\"Bringing people together to prevent conflict, resolve disputes, and build a more inclusive community.\",\"potentialAction\":[{\"@type\":\"SearchAction\",\"target\":{\"@type\":\"EntryPoint\",\"urlTemplate\":\"https:\/\/mountainmediationcenter.org\/?s={search_term_string}\"},\"query-input\":\"required name=search_term_string\"}],\"inLanguage\":\"es\"},{\"@type\":\"Person\",\"@id\":\"https:\/\/mountainmediationcenter.org\/#\/schema\/person\/4e946ed4b027d3c156b958c66d6bb474\",\"name\":\"Mountain Mediation\",\"image\":{\"@type\":\"ImageObject\",\"inLanguage\":\"es\",\"@id\":\"https:\/\/mountainmediationcenter.org\/#\/schema\/person\/image\/\",\"url\":\"https:\/\/secure.gravatar.com\/avatar\/61bf3077f93aadc68e34bb1066cdce1e88e17a6654fde8264a06a50b63d46e75?s=96&d=mm&r=g\",\"contentUrl\":\"https:\/\/secure.gravatar.com\/avatar\/61bf3077f93aadc68e34bb1066cdce1e88e17a6654fde8264a06a50b63d46e75?s=96&d=mm&r=g\",\"caption\":\"Mountain Mediation\"},\"sameAs\":[\"https:\/\/mountainmediationcenter.org\"],\"url\":\"https:\/\/mountainmediationcenter.org\/es\/author\/infoutahwebdesignpros-com\/\"}]}<\/script>\n<!-- \/ Yoast SEO plugin. -->","yoast_head_json":{"title":"Swaner and Mountain Mediation team up for \u2018Nurturing Nature\u2019 July 25 - Mountain Mediation Center","description":"MMC\u00a0will host Nurturing Nature, a Conversation about how your beliefs, values, experiences, or religion shape your role in caring for nature.","robots":{"index":"index","follow":"follow","max-snippet":"max-snippet:-1","max-image-preview":"max-image-preview:large","max-video-preview":"max-video-preview:-1"},"canonical":"https:\/\/mountainmediationcenter.org\/es\/mountain-mediation-teams-up-for-nurturing-nature\/","og_locale":"es_ES","og_type":"article","og_title":"Swaner and Mountain Mediation team up for \u2018Nurturing Nature\u2019 July 25 - Mountain Mediation Center","og_description":"MMC\u00a0will host Nurturing Nature, a Conversation about how your beliefs, values, experiences, or religion shape your role in caring for nature.","og_url":"https:\/\/mountainmediationcenter.org\/es\/mountain-mediation-teams-up-for-nurturing-nature\/","og_site_name":"Mountain Mediation Center","article_published_time":"2024-07-12T21:33:41+00:00","article_modified_time":"2024-07-17T21:43:53+00:00","og_image":[{"width":1200,"height":675,"url":"https:\/\/mountainmediationcenter.org\/wp-content\/uploads\/2024\/07\/IMG_3651-1200x675-1.jpg","type":"image\/jpeg"}],"author":"Mountain Mediation","twitter_card":"summary_large_image","twitter_misc":{"Escrito por":"Mountain Mediation","Tiempo de lectura":"3 minutos"},"schema":{"@context":"https:\/\/schema.org","@graph":[{"@type":"WebPage","@id":"https:\/\/mountainmediationcenter.org\/mountain-mediation-teams-up-for-nurturing-nature\/","url":"https:\/\/mountainmediationcenter.org\/mountain-mediation-teams-up-for-nurturing-nature\/","name":"Swaner and Mountain Mediation team up for \u2018Nurturing Nature\u2019 July 25 - Mountain Mediation Center","isPartOf":{"@id":"https:\/\/mountainmediationcenter.org\/#website"},"primaryImageOfPage":{"@id":"https:\/\/mountainmediationcenter.org\/mountain-mediation-teams-up-for-nurturing-nature\/#primaryimage"},"image":{"@id":"https:\/\/mountainmediationcenter.org\/mountain-mediation-teams-up-for-nurturing-nature\/#primaryimage"},"thumbnailUrl":"https:\/\/mountainmediationcenter.org\/wp-content\/uploads\/2024\/07\/IMG_3651-1200x675-1.jpg","datePublished":"2024-07-12T21:33:41+00:00","dateModified":"2024-07-17T21:43:53+00:00","author":{"@id":"https:\/\/mountainmediationcenter.org\/#\/schema\/person\/4e946ed4b027d3c156b958c66d6bb474"},"description":"MMC\u00a0will host Nurturing Nature, a Conversation about how your beliefs, values, experiences, or religion shape your role in caring for nature.","breadcrumb":{"@id":"https:\/\/mountainmediationcenter.org\/mountain-mediation-teams-up-for-nurturing-nature\/#breadcrumb"},"inLanguage":"es","potentialAction":[{"@type":"ReadAction","target":["https:\/\/mountainmediationcenter.org\/mountain-mediation-teams-up-for-nurturing-nature\/"]}]},{"@type":"ImageObject","inLanguage":"es","@id":"https:\/\/mountainmediationcenter.org\/mountain-mediation-teams-up-for-nurturing-nature\/#primaryimage","url":"https:\/\/mountainmediationcenter.org\/wp-content\/uploads\/2024\/07\/IMG_3651-1200x675-1.jpg","contentUrl":"https:\/\/mountainmediationcenter.org\/wp-content\/uploads\/2024\/07\/IMG_3651-1200x675-1.jpg","width":1200,"height":675},{"@type":"BreadcrumbList","@id":"https:\/\/mountainmediationcenter.org\/mountain-mediation-teams-up-for-nurturing-nature\/#breadcrumb","itemListElement":[{"@type":"ListItem","position":1,"name":"Home","item":"https:\/\/mountainmediationcenter.org\/"},{"@type":"ListItem","position":2,"name":"Swaner and Mountain Mediation team up for \u2018Nurturing Nature\u2019 July 25"}]},{"@type":"WebSite","@id":"https:\/\/mountainmediationcenter.org\/#website","url":"https:\/\/mountainmediationcenter.org\/","name":"Mountain Mediation Center","description":"Bringing people together to prevent conflict, resolve disputes, and build a more inclusive community.","potentialAction":[{"@type":"SearchAction","target":{"@type":"EntryPoint","urlTemplate":"https:\/\/mountainmediationcenter.org\/?s={search_term_string}"},"query-input":"required name=search_term_string"}],"inLanguage":"es"},{"@type":"Person","@id":"https:\/\/mountainmediationcenter.org\/#\/schema\/person\/4e946ed4b027d3c156b958c66d6bb474","name":"Mountain Mediation","image":{"@type":"ImageObject","inLanguage":"es","@id":"https:\/\/mountainmediationcenter.org\/#\/schema\/person\/image\/","url":"https:\/\/secure.gravatar.com\/avatar\/61bf3077f93aadc68e34bb1066cdce1e88e17a6654fde8264a06a50b63d46e75?s=96&d=mm&r=g","contentUrl":"https:\/\/secure.gravatar.com\/avatar\/61bf3077f93aadc68e34bb1066cdce1e88e17a6654fde8264a06a50b63d46e75?s=96&d=mm&r=g","caption":"Mountain Mediation"},"sameAs":["https:\/\/mountainmediationcenter.org"],"url":"https:\/\/mountainmediationcenter.org\/es\/author\/infoutahwebdesignpros-com\/"}]}},"_links":{"self":[{"href":"https:\/\/mountainmediationcenter.org\/es\/wp-json\/wp\/v2\/posts\/9627","targetHints":{"allow":["GET"]}}],"collection":[{"href":"https:\/\/mountainmediationcenter.org\/es\/wp-json\/wp\/v2\/posts"}],"about":[{"href":"https:\/\/mountainmediationcenter.org\/es\/wp-json\/wp\/v2\/types\/post"}],"author":[{"embeddable":true,"href":"https:\/\/mountainmediationcenter.org\/es\/wp-json\/wp\/v2\/users\/1"}],"replies":[{"embeddable":true,"href":"https:\/\/mountainmediationcenter.org\/es\/wp-json\/wp\/v2\/comments?post=9627"}],"version-history":[{"count":5,"href":"https:\/\/mountainmediationcenter.org\/es\/wp-json\/wp\/v2\/posts\/9627\/revisions"}],"predecessor-version":[{"id":9633,"href":"https:\/\/mountainmediationcenter.org\/es\/wp-json\/wp\/v2\/posts\/9627\/revisions\/9633"}],"wp:featuredmedia":[{"embeddable":true,"href":"https:\/\/mountainmediationcenter.org\/es\/wp-json\/wp\/v2\/media\/9628"}],"wp:attachment":[{"href":"https:\/\/mountainmediationcenter.org\/es\/wp-json\/wp\/v2\/media?parent=9627"}],"wp:term":[{"taxonomy":"category","embeddable":true,"href":"https:\/\/mountainmediationcenter.org\/es\/wp-json\/wp\/v2\/categories?post=9627"},{"taxonomy":"post_tag","embeddable":true,"href":"https:\/\/mountainmediationcenter.org\/es\/wp-json\/wp\/v2\/tags?post=9627"}],"curies":[{"name":"wp","href":"https:\/\/api.w.org\/{rel}","templated":true}]}}